{"id":41219,"date":"2022-02-01T12:13:17","date_gmt":"2022-02-01T16:13:17","guid":{"rendered":"https:\/\/inces.gob.ve\/?p=41219"},"modified":"2022-02-01T12:14:41","modified_gmt":"2022-02-01T16:14:41","slug":"aragua-inces-inicia-el-proceso-masivo-de-formacion-con-estudiantes-de-bachillerato","status":"publish","type":"post","link":"https:\/\/inces.gob.ve\/index.php\/2022\/02\/01\/aragua-inces-inicia-el-proceso-masivo-de-formacion-con-estudiantes-de-bachillerato\/","title":{"rendered":"ARAGUA | Inces inicia el proceso masivo de formaci\u00f3n con estudiantes de bachillerato"},"content":{"rendered":"<p style=\"text-align: left;\"><i><b>**<\/b><\/i><em><strong> La iniciativa surge de los j\u00f3venes de la Federaci\u00f3n Venezolana de Estudiantes de Educaci\u00f3n Media<\/strong><\/em><!--more--><\/p>\n<p style=\"text-align: justify;\"><b>ROD\u00cdN BUSTILLOS<\/b><\/p>\n<p style=\"text-align: justify;\">Con la finalidad de afinar el proceso de certificaci\u00f3n, acreditaci\u00f3n y formaci\u00f3n de los futuros bachilleres del a\u00f1o escolar 2021-2022, el Instituto Nacional de Capacitaci\u00f3n y Educaci\u00f3n Socialista (Inces) Aragua sostuvo reuni\u00f3n con la jefa de Educaci\u00f3n Media, la profesora Maigualida Arismendi y el jefe de zona educativa de Aragua, el profesor Leonardo Alvarado.<\/p>\n<p style=\"text-align: justify;\">As\u00ed lo inform\u00f3 el gerente regional del Inces de Aragua, Oliver Medina, quien se\u00f1al\u00f3 que con esta mesa de trabajo que sostuvo con las autoridades educativas se inicia la formaci\u00f3n productiva con la instituci\u00f3n.<\/p>\n<p style=\"text-align: justify;\">\u00abSon lineamientos del presidente de la Rep\u00fablica Bolivariana de Venezuela, Nicol\u00e1s Maduro Moros y del presidente del Inces y viceministro de Comunidades Educativas y Uni\u00f3n con el Pueblo, Wuikelman Angel, con respecto a iniciar un proceso masivo de formaci\u00f3n productiva dirigido a estudiantes del bachillerato\u00bb, acot\u00f3 Medina.<\/p>\n<p style=\"text-align: justify;\">Inform\u00f3 el gerente regional que estas acreditaciones, certificaciones y formaciones que llevar\u00e1 a cabo la instituci\u00f3n fortalecer\u00e1n los 16 motores productivos en el pa\u00eds.<\/p>\n<p style=\"text-align: justify;\">\u00abEstar\u00edamos incluyendo a todos los estudiantes que est\u00e1n en el \u00faltimo a\u00f1o de bachillerato, a objeto de garantizar formaci\u00f3n t\u00e9cnica profesional para optimizar los bienes y servicios y la producci\u00f3n en el pa\u00eds, en \u00e1reas como turismo, salud, servicios, tecnolog\u00eda, industria, inform\u00e1tica, agr\u00edcola, entre otros.\u00bb<\/p>\n<p style=\"text-align: justify;\">Inform\u00f3 Medina que \u00e9ste plan de acci\u00f3n, se extender\u00eda a varias instituciones y modalidades educativas, ede la entidad arag\u00fce\u00f1a.<\/p>\n<p style=\"text-align: justify;\">\u00abEsta formaci\u00f3n t\u00e9cnica profesional y productiva ir\u00e1 a las escuelas t\u00e9cnicas y a las grandes misiones educativas Robinson, Sucre y Ribas, e incluir\u00e1 la formaci\u00f3n Inces, las escuelas de artes y otros oficios\u00bb, puntualiz\u00f3 la autoridad regional.<\/p>\n<p style=\"text-align: justify;\">As\u00ed mismo, se\u00f1al\u00f3 el gerente regional del Inces Aragua que la instituci\u00f3n educativa est\u00e1 trabajando por \u00e1mbitos: \u00abEstamos trabajando, en este caso, el \u00e1mbito de instituciones educativas, lo cual nos direcciona a establecer v\u00ednculos con la zona educativa, con el fin de establecer la estrategia formativa, acreditaci\u00f3n y certificaci\u00f3n de saber a la poblaci\u00f3n de futuros bachilleres del estado\u00bb, se\u00f1al\u00f3.<\/p>\n","protected":false},"excerpt":{"rendered":"<p>** La iniciativa surge de los j\u00f3venes de la Federaci\u00f3n Venezolana de Estudiantes de Educaci\u00f3n Media<\/p>\n","protected":false},"author":4,"featured_media":41220,"comment_status":"closed","ping_status":"closed","sticky":false,"template":"","format":"standard","meta":{"footnotes":""},"categories":[2],"tags":[],"class_list":["post-41219","post","type-post","status-publish","format-standard","has-post-thumbnail","hentry","category-blog"],"_links":{"self":[{"href":"https:\/\/inces.gob.ve\/index.php\/wp-json\/wp\/v2\/posts\/41219","targetHints":{"allow":["GET"]}}],"collection":[{"href":"https:\/\/inces.gob.ve\/index.php\/wp-json\/wp\/v2\/posts"}],"about":[{"href":"https:\/\/inces.gob.ve\/index.php\/wp-json\/wp\/v2\/types\/post"}],"author":[{"embeddable":true,"href":"https:\/\/inces.gob.ve\/index.php\/wp-json\/wp\/v2\/users\/4"}],"replies":[{"embeddable":true,"href":"https:\/\/inces.gob.ve\/index.php\/wp-json\/wp\/v2\/comments?post=41219"}],"version-history":[{"count":3,"href":"https:\/\/inces.gob.ve\/index.php\/wp-json\/wp\/v2\/posts\/41219\/revisions"}],"predecessor-version":[{"id":41223,"href":"https:\/\/inces.gob.ve\/index.php\/wp-json\/wp\/v2\/posts\/41219\/revisions\/41223"}],"wp:featuredmedia":[{"embeddable":true,"href":"https:\/\/inces.gob.ve\/index.php\/wp-json\/wp\/v2\/media\/41220"}],"wp:attachment":[{"href":"https:\/\/inces.gob.ve\/index.php\/wp-json\/wp\/v2\/media?parent=41219"}],"wp:term":[{"taxonomy":"category","embeddable":true,"href":"https:\/\/inces.gob.ve\/index.php\/wp-json\/wp\/v2\/categories?post=41219"},{"taxonomy":"post_tag","embeddable":true,"href":"https:\/\/inces.gob.ve\/index.php\/wp-json\/wp\/v2\/tags?post=41219"}],"curies":[{"name":"wp","href":"https:\/\/api.w.org\/{rel}","templated":true}]}}