{"id":41224,"date":"2022-02-01T12:25:17","date_gmt":"2022-02-01T16:25:17","guid":{"rendered":"https:\/\/inces.gob.ve\/?p=41224"},"modified":"2022-02-01T12:25:36","modified_gmt":"2022-02-01T16:25:36","slug":"apure-inces-informo-programacion-formativa-para-este-primer-trimestre-2022","status":"publish","type":"post","link":"https:\/\/inces.gob.ve\/index.php\/2022\/02\/01\/apure-inces-informo-programacion-formativa-para-este-primer-trimestre-2022\/","title":{"rendered":"APURE | Inces inform\u00f3 programaci\u00f3n formativa para este primer trimestre 2022"},"content":{"rendered":"<div class=\"gmail_default\">*<em><strong>** El trabajo conjunto con la gobernaci\u00f3n apure\u00f1a ha sido fundamental para la gesti\u00f3n del Inces <\/strong><\/em><\/div>\n<p><!--more--><\/p>\n<div class=\"gmail_default\">\n<div class=\"gmail_default\">NILZA GONZ\u00c1LEZ<\/div>\n<div class=\"gmail_default\" style=\"text-align: justify;\">Desde las instalaciones de la emisora comunitaria Bolivariana 93.7, ubicada en la parroquia el recreo del municipio San Fernando, el gerente regional Daviel Rodr\u00edguez inform\u00f3 a la colectividad sobre las formaciones para este primer trimestre 2022, detallando los ocho \u00e1mbitos que conforman la matriz program\u00e1ticaIgualmente en el programa de opini\u00f3n meridiana Rodr\u00edguez enfatiz\u00f3 el trabajo que se viene dando con la gobernaci\u00f3n del estado liderada por el Profesor Eduardo Pi\u00f1ate y la autoridad \u00fanica de educaci\u00f3n Mary Orasma, en las escuelas, con el Plan de Recuperaci\u00f3n de Mesas-Sillas.<\/p>\n<p>La brigada Inces ha atendido a instituciones como : Daniel Oleary, E.P San Jos\u00e9, complejo educativo Mac Gregor, Complejo educativo Arist\u00f3bulo Izturis, complejo educativo Vuelvan Caras.<\/p>\n<p>Es imponente resaltar que este trabajo se est\u00e1 realizando en conjunto con otras instituciones y organizaciones como la Jpsuv, Fvue, Obe, poder popular, Minec, personal de dichas instituciones entr\u00e9 otros, siempre bajo lineamientos del presidente Nicol\u00e1s Maduro; la ministra de Educaci\u00f3n, Yelitze Santaella y de Wuikelman Angel presidente del Inces.<\/p>\n<\/div>\n<p><span style=\"color: #888888;\">\u00a0<\/span><\/p>\n<\/div>\n","protected":false},"excerpt":{"rendered":"<p>*** El trabajo conjunto con la gobernaci\u00f3n apure\u00f1a ha sido fundamental para la gesti\u00f3n del Inces<\/p>\n","protected":false},"author":4,"featured_media":41225,"comment_status":"closed","ping_status":"closed","sticky":false,"template":"","format":"standard","meta":{"footnotes":""},"categories":[2],"tags":[],"class_list":["post-41224","post","type-post","status-publish","format-standard","has-post-thumbnail","hentry","category-blog"],"_links":{"self":[{"href":"https:\/\/inces.gob.ve\/index.php\/wp-json\/wp\/v2\/posts\/41224","targetHints":{"allow":["GET"]}}],"collection":[{"href":"https:\/\/inces.gob.ve\/index.php\/wp-json\/wp\/v2\/posts"}],"about":[{"href":"https:\/\/inces.gob.ve\/index.php\/wp-json\/wp\/v2\/types\/post"}],"author":[{"embeddable":true,"href":"https:\/\/inces.gob.ve\/index.php\/wp-json\/wp\/v2\/users\/4"}],"replies":[{"embeddable":true,"href":"https:\/\/inces.gob.ve\/index.php\/wp-json\/wp\/v2\/comments?post=41224"}],"version-history":[{"count":2,"href":"https:\/\/inces.gob.ve\/index.php\/wp-json\/wp\/v2\/posts\/41224\/revisions"}],"predecessor-version":[{"id":41227,"href":"https:\/\/inces.gob.ve\/index.php\/wp-json\/wp\/v2\/posts\/41224\/revisions\/41227"}],"wp:featuredmedia":[{"embeddable":true,"href":"https:\/\/inces.gob.ve\/index.php\/wp-json\/wp\/v2\/media\/41225"}],"wp:attachment":[{"href":"https:\/\/inces.gob.ve\/index.php\/wp-json\/wp\/v2\/media?parent=41224"}],"wp:term":[{"taxonomy":"category","embeddable":true,"href":"https:\/\/inces.gob.ve\/index.php\/wp-json\/wp\/v2\/categories?post=41224"},{"taxonomy":"post_tag","embeddable":true,"href":"https:\/\/inces.gob.ve\/index.php\/wp-json\/wp\/v2\/tags?post=41224"}],"curies":[{"name":"wp","href":"https:\/\/api.w.org\/{rel}","templated":true}]}}