{"id":41228,"date":"2022-02-01T12:35:07","date_gmt":"2022-02-01T16:35:07","guid":{"rendered":"https:\/\/inces.gob.ve\/?p=41228"},"modified":"2022-02-01T12:39:55","modified_gmt":"2022-02-01T16:39:55","slug":"valencia-cfs-luis-beltran-prieto-figueroa-establece-alianza-formativa-con-gobernacion-de-carabobo","status":"publish","type":"post","link":"https:\/\/inces.gob.ve\/index.php\/2022\/02\/01\/valencia-cfs-luis-beltran-prieto-figueroa-establece-alianza-formativa-con-gobernacion-de-carabobo\/","title":{"rendered":"VALENCIA | CFS Luis Beltr\u00e1n Prieto Figueroa establece alianza formativa con gobernaci\u00f3n de Carabobo"},"content":{"rendered":"<p align=\"justify\"><span style=\"font-family: georgia,palatino,serif; font-size: 14pt;\"><i><b><span style=\"color: #000000;\">** Desde <\/span><span style=\"color: #000000;\">la<\/span><span style=\"color: #000000;\"> Secretar<\/span><span style=\"color: #000000;\">\u00ed<\/span><span style=\"color: #000000;\">a de Relaciones Institucionales <\/span><span style=\"color: #000000;\">se busca <\/span><span style=\"color: #000000;\">apoyar <\/span><span style=\"color: #000000;\">el p<\/span><span style=\"color: #000000;\">royecto \u201cJos\u00e9 F\u00e9lix Ribas\u201d<\/span><\/b><\/i><\/span><!--more--><\/p>\n<div class=\"gmail_default\">\n<p style=\"text-align: justify;\" align=\"justify\"><span style=\"font-size: 14pt; font-family: georgia,palatino,serif;\"><b><span style=\"color: #000000;\">ATILIA CORTEZ<\/span><\/b><\/span><\/p>\n<p style=\"text-align: justify;\" align=\"justify\"><span style=\"font-size: 14pt; font-family: georgia,palatino,serif;\"><span style=\"color: #000000;\">Desde los espacios del <\/span><span style=\"color: #000000;\">a<\/span><span style=\"color: #000000;\">uditorio del <\/span><span style=\"color: #000000;\">centro de formaci\u00f3n socialista \u201c<\/span><span style=\"color: #000000;\">Luis Beltr\u00e1n Prieto Figueroa\u201d, en Valencia, se llev\u00f3 va cabo una reuni\u00f3n y compartir de saberes con <\/span><span style=\"color: #000000;\">la j<\/span><span style=\"color: #000000;\">efa de la Divisi\u00f3n de Programas de Proyectos, <\/span><span style=\"color: #000000;\">G\u00e9nesis Su\u00e1rez <\/span><span style=\"color: #000000;\"> y <\/span><span style=\"color: #000000;\">el responsable de <\/span><span style=\"color: #000000;\">la Divisi\u00f3n de Atenci\u00f3n y Participaci\u00f3n del Voluntariado, Victor Medina, oficinas adscritas a la Secretar\u00eda de Relaciones Institucionales de la Gobernaci\u00f3n del <\/span><span style=\"color: #000000;\">e<\/span><span style=\"color: #000000;\">stado Carabobo.<\/span><\/span><\/p>\n<p style=\"text-align: justify;\" align=\"justify\"><span style=\"font-size: 14pt; font-family: georgia,palatino,serif;\"><span style=\"color: #000000;\">Al respecto, Hayde Zambrano, jefa del C<\/span><span style=\"color: #000000;\">FS<\/span><span style=\"color: #000000;\"> Luis Beltr\u00e1n Prieto, expres\u00f3 que a la actividad tambi\u00e9n \u00abasistieron <\/span><span style=\"color: #000000;\">seis m<\/span><span style=\"color: #000000;\">aestros <\/span><span style=\"color: #000000;\">t<\/span><span style=\"color: #000000;\">\u00e9cnicos <\/span><span style=\"color: #000000;\">p<\/span><span style=\"color: #000000;\">roductivos (M<\/span><span style=\"color: #000000;\">TP<\/span><span style=\"color: #000000;\">) en representaci\u00f3n de los <\/span><span style=\"color: #000000;\">m<\/span><span style=\"color: #000000;\">otores Agroalimentario, Turismo, Telecomunicaciones e Inform\u00e1tica, Industrial, Banca Finanza y Seguro, Econom\u00eda Comunal, Social y Socialista\u00bb.<\/span><\/span><\/p>\n<p style=\"text-align: justify;\" align=\"justify\"><span style=\"font-size: 14pt; font-family: georgia,palatino,serif;\"><span style=\"color: #000000;\">La jefa del centro agreg\u00f3 que est<\/span><span style=\"color: #000000;\">a<\/span><span style=\"color: #000000;\"> actividad <\/span><span style=\"color: #000000;\">tambi\u00e9n<\/span><span style=\"color: #000000;\"> tiene como motivo el socializar el prop\u00f3sito del <\/span><span style=\"color: #000000;\">p<\/span><span style=\"color: #000000;\">royecto Plan de Emprendimiento Jos\u00e9 F\u00e9lix Ribas\u00bb<\/span><\/span><\/p>\n<p style=\"text-align: justify;\" align=\"justify\"><span style=\"font-size: 14pt; font-family: georgia,palatino,serif;\"><span style=\"color: #000000;\">Finalmente Zambrano explic\u00f3 que el <\/span><span style=\"color: #000000;\">a<\/span><span style=\"color: #000000;\">banico de opciones <\/span><span style=\"color: #000000;\">f<\/span><span style=\"color: #000000;\">ormativas <\/span><span style=\"color: #000000;\">p<\/span><span style=\"color: #000000;\">roductivas Inces y sus \u00e1mbitos de acci\u00f3n son de gran alcance. \u00ab<\/span><span style=\"color: #000000;\">E<\/span><span style=\"color: #000000;\">sta reuni\u00f3n <\/span><span style=\"color: #000000;\">fue <\/span><span style=\"color: #000000;\">fruct\u00edfera y transcurri\u00f3 en un <\/span><span style=\"color: #000000;\">a<\/span><span style=\"color: #000000;\">mbiente <\/span><span style=\"color: #000000;\">c<\/span><span style=\"color: #000000;\">ordial y ameno\u00bb .<\/span><\/span><\/p>\n<\/div>\n<p style=\"text-align: justify;\" align=\"justify\">\n","protected":false},"excerpt":{"rendered":"<p>** Desde la Secretar\u00eda de Relaciones Institucionales se busca apoyar el proyecto \u201cJos\u00e9 F\u00e9lix Ribas\u201d<\/p>\n","protected":false},"author":4,"featured_media":41229,"comment_status":"closed","ping_status":"closed","sticky":false,"template":"","format":"standard","meta":{"footnotes":""},"categories":[2],"tags":[],"class_list":["post-41228","post","type-post","status-publish","format-standard","has-post-thumbnail","hentry","category-blog"],"_links":{"self":[{"href":"https:\/\/inces.gob.ve\/index.php\/wp-json\/wp\/v2\/posts\/41228","targetHints":{"allow":["GET"]}}],"collection":[{"href":"https:\/\/inces.gob.ve\/index.php\/wp-json\/wp\/v2\/posts"}],"about":[{"href":"https:\/\/inces.gob.ve\/index.php\/wp-json\/wp\/v2\/types\/post"}],"author":[{"embeddable":true,"href":"https:\/\/inces.gob.ve\/index.php\/wp-json\/wp\/v2\/users\/4"}],"replies":[{"embeddable":true,"href":"https:\/\/inces.gob.ve\/index.php\/wp-json\/wp\/v2\/comments?post=41228"}],"version-history":[{"count":3,"href":"https:\/\/inces.gob.ve\/index.php\/wp-json\/wp\/v2\/posts\/41228\/revisions"}],"predecessor-version":[{"id":41231,"href":"https:\/\/inces.gob.ve\/index.php\/wp-json\/wp\/v2\/posts\/41228\/revisions\/41231"}],"wp:featuredmedia":[{"embeddable":true,"href":"https:\/\/inces.gob.ve\/index.php\/wp-json\/wp\/v2\/media\/41229"}],"wp:attachment":[{"href":"https:\/\/inces.gob.ve\/index.php\/wp-json\/wp\/v2\/media?parent=41228"}],"wp:term":[{"taxonomy":"category","embeddable":true,"href":"https:\/\/inces.gob.ve\/index.php\/wp-json\/wp\/v2\/categories?post=41228"},{"taxonomy":"post_tag","embeddable":true,"href":"https:\/\/inces.gob.ve\/index.php\/wp-json\/wp\/v2\/tags?post=41228"}],"curies":[{"name":"wp","href":"https:\/\/api.w.org\/{rel}","templated":true}]}}