{"id":41262,"date":"2022-02-04T07:35:16","date_gmt":"2022-02-04T11:35:16","guid":{"rendered":"https:\/\/inces.gob.ve\/?p=41262"},"modified":"2022-02-04T09:03:17","modified_gmt":"2022-02-04T13:03:17","slug":"lara-inces-inicia-proceso-de-captacion-de-jovenes-que-quieres-incorporarse-al-programa-bachillerato-productivo","status":"publish","type":"post","link":"https:\/\/inces.gob.ve\/index.php\/2022\/02\/04\/lara-inces-inicia-proceso-de-captacion-de-jovenes-que-quieres-incorporarse-al-programa-bachillerato-productivo\/","title":{"rendered":"LARA | Inces inicia proceso de captaci\u00f3n de j\u00f3venes que quieres incorporarse al Programa Bachillerato Productivo"},"content":{"rendered":"<p lang=\"es-ES-u-co-trad\" align=\"justify\"><span style=\"font-size: 14pt;\"><em><b>** Todos los martes y mi\u00e9rcoles se realizar\u00e1 la jornada de matriculaci\u00f3n<\/b><\/em><!--more--><\/span><\/p>\n<p align=\"justify\"><span style=\"font-size: 14pt;\"><b><span lang=\"es-ES-u-co-trad\">CARLOS EDUARDO S\u00c1NCHEZ<\/span><\/b><\/span><\/p>\n<p align=\"justify\"><span style=\"font-size: 14pt;\"><span lang=\"es-ES-u-co-trad\">Inces Lara contin\u00faa con la atenci\u00f3n educativa de nuestro pueblo a trav\u00e9s de los programas de formaci\u00f3n, <\/span><span lang=\"es-ES-u-co-trad\">por ello,<\/span><span lang=\"es-ES-u-co-trad\"> durante este mes de febrero, se desarrollar\u00e1 el registro y captaci\u00f3n de los j\u00f3venes que est\u00e9n interesados en cursar o continuar sus estudios de bachillerato mediante la modalidad productiva.<\/span><\/span><\/p>\n<p align=\"justify\">\n<p align=\"justify\"><span style=\"font-size: 14pt;\">El Programa Bachillerato Productivo no solo le permite al participante prepararse acad\u00e9micamente sino tambi\u00e9n ayuda a trabajar el perfil laboral que corresponda a alg\u00fan motor productivo y que le permita convertirse en un emprendedor potencial certificado.<\/span><\/p>\n<p align=\"justify\">\n<p align=\"justify\"><span style=\"font-size: 14pt;\"><span lang=\"es-ES-u-co-trad\">Se estar\u00e1 realizando la jornada de registro todos los martes y mi\u00e9rcoles de cada semana en las sedes <\/span><span lang=\"es-ES-u-co-trad\">de lso centros de formaci\u00f3n cocialista<\/span><span lang=\"es-ES-u-co-trad\"> Jes\u00fas Gordo P\u00e1ez y Jos\u00e9 P\u00edo Tamayo, tomando como fecha de partida el <\/span><span lang=\"es-ES-u-co-trad\">primero <\/span><span lang=\"es-ES-u-co-trad\">de febrero del 2022 hasta el 3 de marzo de este mismo a\u00f1o.<\/span><\/span><\/p>\n<p align=\"justify\">\n<p align=\"justify\"><span style=\"font-size: 14pt;\"><span lang=\"es-ES-u-co-trad\">Para los interesados, l<\/span><span lang=\"es-ES-u-co-trad\">os requisitos son: tener m\u00e1s de 15 a\u00f1os, estar desvinculado por un per\u00edodo de <\/span><span lang=\"es-ES-u-co-trad\">un <\/span><span lang=\"es-ES-u-co-trad\">a\u00f1o o m\u00e1s del Ministerio de Educaci\u00f3n, consignar boleta de promoci\u00f3n de 6to grado, notas certificadas del \u00faltimo a\u00f1o cursado para los casos que hayan aprobado alg\u00fan a\u00f1o de b\u00e1sica o diversificada, consignar tres (03) fotos, entregar original y copia de la c\u00e9dula para formalizar los datos en la planilla y cancelar el valor de la misma.<\/span><\/span><\/p>\n<p align=\"justify\">\n<p align=\"justify\"><span style=\"font-size: 14pt;\"><span lang=\"es-ES-u-co-trad\">F\u00f3rmate en el Inces y desarrolla tus capacidades.<\/span><\/span><\/p>\n<p align=\"justify\">\n","protected":false},"excerpt":{"rendered":"<p>** Todos los martes y mi\u00e9rcoles se realizar\u00e1 la jornada de matriculaci\u00f3n<\/p>\n","protected":false},"author":4,"featured_media":19652,"comment_status":"closed","ping_status":"closed","sticky":false,"template":"","format":"standard","meta":{"footnotes":""},"categories":[2],"tags":[],"class_list":["post-41262","post","type-post","status-publish","format-standard","has-post-thumbnail","hentry","category-blog"],"_links":{"self":[{"href":"https:\/\/inces.gob.ve\/index.php\/wp-json\/wp\/v2\/posts\/41262","targetHints":{"allow":["GET"]}}],"collection":[{"href":"https:\/\/inces.gob.ve\/index.php\/wp-json\/wp\/v2\/posts"}],"about":[{"href":"https:\/\/inces.gob.ve\/index.php\/wp-json\/wp\/v2\/types\/post"}],"author":[{"embeddable":true,"href":"https:\/\/inces.gob.ve\/index.php\/wp-json\/wp\/v2\/users\/4"}],"replies":[{"embeddable":true,"href":"https:\/\/inces.gob.ve\/index.php\/wp-json\/wp\/v2\/comments?post=41262"}],"version-history":[{"count":2,"href":"https:\/\/inces.gob.ve\/index.php\/wp-json\/wp\/v2\/posts\/41262\/revisions"}],"predecessor-version":[{"id":41270,"href":"https:\/\/inces.gob.ve\/index.php\/wp-json\/wp\/v2\/posts\/41262\/revisions\/41270"}],"wp:featuredmedia":[{"embeddable":true,"href":"https:\/\/inces.gob.ve\/index.php\/wp-json\/wp\/v2\/media\/19652"}],"wp:attachment":[{"href":"https:\/\/inces.gob.ve\/index.php\/wp-json\/wp\/v2\/media?parent=41262"}],"wp:term":[{"taxonomy":"category","embeddable":true,"href":"https:\/\/inces.gob.ve\/index.php\/wp-json\/wp\/v2\/categories?post=41262"},{"taxonomy":"post_tag","embeddable":true,"href":"https:\/\/inces.gob.ve\/index.php\/wp-json\/wp\/v2\/tags?post=41262"}],"curies":[{"name":"wp","href":"https:\/\/api.w.org\/{rel}","templated":true}]}}