{"id":41287,"date":"2022-02-08T09:41:44","date_gmt":"2022-02-08T13:41:44","guid":{"rendered":"https:\/\/inces.gob.ve\/?p=41287"},"modified":"2022-02-08T15:43:44","modified_gmt":"2022-02-08T19:43:44","slug":"torres-iriarte-la-juventud-es-la-garantia-de-la-perpetuidad-de-las-naciones-y-de-la-patria","status":"publish","type":"post","link":"https:\/\/inces.gob.ve\/index.php\/2022\/02\/08\/torres-iriarte-la-juventud-es-la-garantia-de-la-perpetuidad-de-las-naciones-y-de-la-patria\/","title":{"rendered":"Torres Iriarte: \u201cLa juventud es la garant\u00eda de la perpetuidad de las naciones y de la patria\u201d"},"content":{"rendered":"<p><em><strong><span style=\"font-size: 14pt;\">\u201cJuventud divino tesoro\u00bb \/ que te vas para no volver \/ cuando quiero llorar no lloro \/ y aveces lloro sin querer. Rub\u00e9n Dar\u00edo<\/span><\/strong><\/em><\/p>\n<p><!--more--><\/p>\n<p align=\"justify\"><span style=\"font-size: 14pt;\"><b>LONGINA TOVAR<\/b><\/span><\/p>\n<p align=\"justify\"><span style=\"font-size: 14pt;\">El Instituto Nacional de Capacitaci\u00f3n y Educaci\u00f3n Socialista (Inces) celebr\u00f3 el conversatorio \u201cEl rol de la juventud revolucionaria en la \u00e9poca republicana\u201d, dirigido por el historiador y presidente del Centro Nacional de Historia, Alexander Torres Iriarte, desde la instalaciones de la sede principal del Inces y con conexi\u00f3n telem\u00e1tica para todo el pa\u00eds.<\/span><\/p>\n<p align=\"justify\"><span style=\"font-size: 14pt;\">La actividad forma parte de la Semana de la Juventud que celebra el Inces en honor a la gesta libertaria librada el 12 febrero de 1814 en La Victoria, estado Aragua, cuando Jos\u00e9 F\u00e9lix Ribas estuvo al mando de unos 1500 estudiantes para enfrentar y luego vencer a las fuerzas realistas, comandadas por Francisco Tom\u00e1s Morales.<\/span><\/p>\n<div class=\"editor-block-list__insertion-point block-editor-block-list__insertion-point\">\n<div class=\"editor-block-list__insertion-point-inserter block-editor-block-list__insertion-point-inserter\" tabindex=\"-1\">\n<div class=\"editor-inserter block-editor-inserter\"><img loading=\"lazy\" decoding=\"async\" class=\"aligncenter wp-image-41323 size-large\" src=\"https:\/\/inces.gob.ve\/wp-content\/uploads\/2022\/02\/MG_4408-1024x683.jpg\" alt=\"\" width=\"640\" height=\"427\" srcset=\"https:\/\/inces.gob.ve\/wp-content\/uploads\/2022\/02\/MG_4408-1024x683.jpg 1024w, https:\/\/inces.gob.ve\/wp-content\/uploads\/2022\/02\/MG_4408-300x200.jpg 300w, https:\/\/inces.gob.ve\/wp-content\/uploads\/2022\/02\/MG_4408-768x512.jpg 768w, https:\/\/inces.gob.ve\/wp-content\/uploads\/2022\/02\/MG_4408-1536x1024.jpg 1536w, https:\/\/inces.gob.ve\/wp-content\/uploads\/2022\/02\/MG_4408-2048x1365.jpg 2048w, https:\/\/inces.gob.ve\/wp-content\/uploads\/2022\/02\/MG_4408-272x182.jpg 272w\" sizes=\"auto, (max-width: 640px) 100vw, 640px\" \/><\/div>\n<\/div>\n<\/div>\n<div class=\"components-drop-zone editor-block-drop-zone block-editor-block-drop-zone is-appender\"><\/div>\n<p align=\"justify\"><span style=\"font-size: 14pt;\">El historiador hizo un repaso de la participaci\u00f3n rebelde y heroica de la juventud desde el hito conocido como la Batalla de La Victoria, hasta el fin de la IV Rep\u00fablica en 1998, para concluir que \u201cla juventud es la garant\u00eda de la patria, de la revoluci\u00f3n y del socialismo; es garant\u00eda de autoformaci\u00f3n de conformaci\u00f3n, de conciencia social, de compromiso por una patria mejor&#8230; La juventud jugar\u00e1 siempre un rol estelar en la \u00e9poca republicana porque, como dec\u00eda Salvador Allende, ser joven y no ser revolucionario es una contradicci\u00f3n biol\u00f3gica\u201d.<\/span><\/p>\n<p align=\"justify\"><span style=\"font-size: 14pt;\">\u201cDecir juventud revolucionaria es un pleonasmo&#8230; Todo joven cree en el futuro, tiene un ideal y tiene que ser rebelde, porque la rebeld\u00eda genera el entusiasmo y el mundo se abre<\/span><\/p>\n<div class=\"editor-block-list__insertion-point block-editor-block-list__insertion-point\">\n<div class=\"editor-block-list__insertion-point-inserter block-editor-block-list__insertion-point-inserter\" tabindex=\"-1\">\n<div class=\"editor-inserter block-editor-inserter\"><img loading=\"lazy\" decoding=\"async\" class=\"aligncenter wp-image-41324 size-large\" src=\"https:\/\/inces.gob.ve\/wp-content\/uploads\/2022\/02\/MG_4429-1024x683.jpg\" alt=\"\" width=\"640\" height=\"427\" srcset=\"https:\/\/inces.gob.ve\/wp-content\/uploads\/2022\/02\/MG_4429-1024x683.jpg 1024w, https:\/\/inces.gob.ve\/wp-content\/uploads\/2022\/02\/MG_4429-300x200.jpg 300w, https:\/\/inces.gob.ve\/wp-content\/uploads\/2022\/02\/MG_4429-768x512.jpg 768w, https:\/\/inces.gob.ve\/wp-content\/uploads\/2022\/02\/MG_4429-1536x1024.jpg 1536w, https:\/\/inces.gob.ve\/wp-content\/uploads\/2022\/02\/MG_4429-2048x1365.jpg 2048w, https:\/\/inces.gob.ve\/wp-content\/uploads\/2022\/02\/MG_4429-272x182.jpg 272w\" sizes=\"auto, (max-width: 640px) 100vw, 640px\" \/><\/div>\n<\/div>\n<\/div>\n<div class=\"components-drop-zone editor-block-drop-zone block-editor-block-drop-zone is-appender\"><\/div>\n<p align=\"justify\"><span style=\"font-size: 14pt;\">y se estremece ante la juventud. No una juventud manipulada por las empresas del entretenimiento y el espect\u00e1culo, que tambi\u00e9n necesitamos, sino una juventud que est\u00e1 clara en su labores de construcci\u00f3n de un pa\u00eds\u201d, aleg\u00f3 Iriarte.<\/span><\/p>\n<p align=\"justify\"><span style=\"font-size: 14pt;\"><b>UN POCO DE HISTORIA<\/b><\/span><\/p>\n<p align=\"justify\"><span style=\"font-size: 14pt;\">En su intervenci\u00f3n, el presidente del Centro Nacional de Historia record\u00f3 los lapsos de las primeras cuatro rep\u00fablicas: \u201cLa \u00e9poca republicana es lo que sucede al proceso de independencia. Es la ruptura de 300 a\u00f1os de colonia\u201d. Arranca la primera en 1810 hasta 1812. La segunda Rep\u00fablica desde 1813 hasta 1814. La tercera de 1816 a 1819 cuando se conforma la Rep\u00fablica de Colombia junto a Venezuela y Ecuador, y luego en 1830 cuando en Venezuela surge la IVRep\u00fablica que culminar\u00e1 en 1998 con la llegada de Hugo Ch\u00e1vez al poder.<\/span><\/p>\n<p align=\"justify\"><img loading=\"lazy\" decoding=\"async\" class=\"aligncenter wp-image-41326 size-large\" src=\"https:\/\/inces.gob.ve\/wp-content\/uploads\/2022\/02\/IMG_4402-1024x683.jpg\" alt=\"\" width=\"640\" height=\"427\" srcset=\"https:\/\/inces.gob.ve\/wp-content\/uploads\/2022\/02\/IMG_4402-1024x683.jpg 1024w, https:\/\/inces.gob.ve\/wp-content\/uploads\/2022\/02\/IMG_4402-300x200.jpg 300w, https:\/\/inces.gob.ve\/wp-content\/uploads\/2022\/02\/IMG_4402-768x512.jpg 768w, https:\/\/inces.gob.ve\/wp-content\/uploads\/2022\/02\/IMG_4402-1536x1024.jpg 1536w, https:\/\/inces.gob.ve\/wp-content\/uploads\/2022\/02\/IMG_4402-2048x1365.jpg 2048w, https:\/\/inces.gob.ve\/wp-content\/uploads\/2022\/02\/IMG_4402-272x182.jpg 272w\" sizes=\"auto, (max-width: 640px) 100vw, 640px\" \/><\/p>\n<p align=\"justify\"><span style=\"font-size: 14pt;\">Una de las acciones juveniles m\u00e1s recordadas ser\u00e1 cuando Jos\u00e9 F\u00e9lix Ribas, al mando de unos 1.500 estudiantes, derrot\u00f3 en La Victoria a los 2.500 realistas, comandado por Francisco Tom\u00e1s Morales, con la participaci\u00f3n importante de Vicente Campo Al\u00edas, gesta que inspir\u00f3 a la Asamblea Nacional Constituyente de 1947 a instaurar el 12 de febrero como D\u00eda de la Juventud.<\/span><\/p>\n<p align=\"justify\"><span style=\"font-size: 14pt;\">Ya en el siglo XX, \u201cen Venezuela se da el movimiento conocido como la Generaci\u00f3n del 28. Dura del 6 al 12 de febrero de 1928, en pleno carnaval, en \u00e9poca de Juan Vicente G\u00f3mez. Este movimiento nace para levantar fondos para crear la Casa del Estudiante. P\u00edo Tamayo dio un discurso en el pante\u00f3n nacional y cerro diciendo \u201cPadre nuestro Sim\u00f3n Bol\u00edvar, padre nuestro Libertador, como han puesto tus esbirros a Santiago de Le\u00f3n. \u00c9l y muchos otros fueron presos y perseguidos por sus ideas revolucionarias: R\u00f3mulo Betancourt, Ra\u00fal Leoni, Miguel Otero Silva, Rafael Vega S\u00e1nchez, Jovito Villalba, entre otros.<\/span><\/p>\n<p align=\"justify\"><img loading=\"lazy\" decoding=\"async\" class=\"aligncenter wp-image-41327 size-large\" src=\"https:\/\/inces.gob.ve\/wp-content\/uploads\/2022\/02\/MG_4439-1024x683.jpg\" alt=\"\" width=\"640\" height=\"427\" srcset=\"https:\/\/inces.gob.ve\/wp-content\/uploads\/2022\/02\/MG_4439-1024x683.jpg 1024w, https:\/\/inces.gob.ve\/wp-content\/uploads\/2022\/02\/MG_4439-300x200.jpg 300w, https:\/\/inces.gob.ve\/wp-content\/uploads\/2022\/02\/MG_4439-768x512.jpg 768w, https:\/\/inces.gob.ve\/wp-content\/uploads\/2022\/02\/MG_4439-1536x1024.jpg 1536w, https:\/\/inces.gob.ve\/wp-content\/uploads\/2022\/02\/MG_4439-2048x1365.jpg 2048w, https:\/\/inces.gob.ve\/wp-content\/uploads\/2022\/02\/MG_4439-272x182.jpg 272w\" sizes=\"auto, (max-width: 640px) 100vw, 640px\" \/><\/p>\n<p align=\"justify\"><span style=\"font-size: 14pt;\">En la dictadura del general Marcos P\u00e9rez Jim\u00e9nez los estudiantes tambi\u00e9n fueron vitales para tumbar la tiran\u00eda. En 1951 se crea un estatuto electoral y all\u00ed los j\u00f3venes que votaban a los 18 a\u00f1os no pod\u00edan hacerlo sino hasta los 21 a\u00f1os as\u00ed que los j\u00f3venes salen a protestar y son callados p<\/span><span style=\"font-size: 14pt;\">or la fuerza. Muchos estudiantes serian tomados y asesinados por la temible Seguridad Nacional, hasta que el 23 de enero de 1958 cae la dictadura del general.<\/span><\/p>\n<p align=\"justify\"><span style=\"font-size: 14pt;\">M\u00e1s recientemente, ya en democracia, en Venezuela hay un expediente de desaparici\u00f3n forzosa en los primeros gobierno de Carlos Andr\u00e9s P\u00e9rez y Rafael Caldera. Luego en la \u00e9poca de Luis Herrera y Jaime Lusinchi hay un expediente nuevo y se abre lo que se conocer\u00e1 como las masacres Cantaura (1982), en el estado Anzo\u00e1tegui y la masacre Yumare (1986), en Yaracuy.<\/span><\/p>\n<p align=\"justify\"><span style=\"font-size: 14pt;\"><b>HUMOR E INTELIGENCIA<\/b><\/span><\/p>\n<p align=\"justify\"><span style=\"font-size: 14pt;\">Antonio Guzm\u00e1n Blanco, un presidente muy afrancesado, cuyo ego lo llev\u00f3 a nombrarse miembro de n\u00famero de la Academia de la Lengua, sin ser capaz de escribir su propio discurso de incorporaci\u00f3n, fue objeto de burla por los j\u00f3venes de la \u00e9poca.<\/span><\/p>\n<p align=\"justify\"><span style=\"font-size: 14pt;\">\u201cLos j\u00f3venes no solo con fusiles y bayoneta se han opuesto al oprobio de la tiran\u00eda, sino tambi\u00e9n utilizando el humor, la inteligencia, el libro y el l\u00e1piz\u201d. Y es que en \u00e9poca guzmancista un grupo que invent\u00f3 una charada en contra de la figura del presidente a a trav\u00e9s de la exaltaci\u00f3n burlesca de un mal poeta\u201d.<\/span><\/p>\n<p align=\"justify\"><span style=\"font-size: 14pt;\">M\u00e1s adelante tambi\u00e9n se perpetrar\u00eda una nueva burla, ahora en alusi\u00f3n a Cipriano Castro. Los estudiantes asiduos a las retretas de la plaza Bol\u00edvar consiguieron a Alfonso Sacre, un pobre marchante (buhonero) que se cre\u00eda h\u00e9roe de guerra y los muchachos lo exhaltaban y adulaban para burlarse de Castro y sus seguidores.<\/span><\/p>\n<p align=\"justify\"><span style=\"font-size: 14pt;\">Iriarte agradeci\u00f3 a la juventud presente tanto del auditorio como los participantes v\u00eda redes sociales por continuar en el pa\u00eds a pesar de la dif\u00edcil situaci\u00f3n que se vive, acci\u00f3n que calific\u00f3 como altamente gratificante ya que sin la juventud, explic\u00f3, cualquier proyecto, en cualquier parte del mundo, fracasa, porque la juventud es garant\u00eda de la perpetuidad de las naciones y de la patria.<\/span><\/p>\n<p align=\"justify\"><span style=\"font-size: 14pt;\">Precedieron a la participaci\u00f3n de Iriarte el Comisionado Nacional de la Juventud del Partido Socialista de Venezuela, Jorge P\u00e9rez; el Director de Formaci\u00f3n de la Escuela de Formaci\u00f3n Antonio Jos\u00e9 de Sucre, Jos\u00e9 Luis Mart\u00ednez y el gerente general de Formaci\u00f3n Profesional del Inces, Hern\u00e1n Garboza.<\/span><\/p>\n","protected":false},"excerpt":{"rendered":"<p>\u201cJuventud divino tesoro\u00bb \/ que te vas para no volver \/ cuando quiero llorar no lloro \/ y aveces lloro sin querer. Rub\u00e9n Dar\u00edo<\/p>\n","protected":false},"author":4,"featured_media":41291,"comment_status":"closed","ping_status":"closed","sticky":false,"template":"","format":"standard","meta":{"footnotes":""},"categories":[2],"tags":[],"class_list":["post-41287","post","type-post","status-publish","format-standard","has-post-thumbnail","hentry","category-blog"],"_links":{"self":[{"href":"https:\/\/inces.gob.ve\/index.php\/wp-json\/wp\/v2\/posts\/41287","targetHints":{"allow":["GET"]}}],"collection":[{"href":"https:\/\/inces.gob.ve\/index.php\/wp-json\/wp\/v2\/posts"}],"about":[{"href":"https:\/\/inces.gob.ve\/index.php\/wp-json\/wp\/v2\/types\/post"}],"author":[{"embeddable":true,"href":"https:\/\/inces.gob.ve\/index.php\/wp-json\/wp\/v2\/users\/4"}],"replies":[{"embeddable":true,"href":"https:\/\/inces.gob.ve\/index.php\/wp-json\/wp\/v2\/comments?post=41287"}],"version-history":[{"count":7,"href":"https:\/\/inces.gob.ve\/index.php\/wp-json\/wp\/v2\/posts\/41287\/revisions"}],"predecessor-version":[{"id":41330,"href":"https:\/\/inces.gob.ve\/index.php\/wp-json\/wp\/v2\/posts\/41287\/revisions\/41330"}],"wp:featuredmedia":[{"embeddable":true,"href":"https:\/\/inces.gob.ve\/index.php\/wp-json\/wp\/v2\/media\/41291"}],"wp:attachment":[{"href":"https:\/\/inces.gob.ve\/index.php\/wp-json\/wp\/v2\/media?parent=41287"}],"wp:term":[{"taxonomy":"category","embeddable":true,"href":"https:\/\/inces.gob.ve\/index.php\/wp-json\/wp\/v2\/categories?post=41287"},{"taxonomy":"post_tag","embeddable":true,"href":"https:\/\/inces.gob.ve\/index.php\/wp-json\/wp\/v2\/tags?post=41287"}],"curies":[{"name":"wp","href":"https:\/\/api.w.org\/{rel}","templated":true}]}}