{"id":41348,"date":"2022-02-23T10:01:35","date_gmt":"2022-02-23T14:01:35","guid":{"rendered":"https:\/\/inces.gob.ve\/?p=41348"},"modified":"2022-05-21T18:20:52","modified_gmt":"2022-05-21T22:20:52","slug":"estudiante-del-inces-presentan-y-defienden-portafolio-por-experiencias-de-saberes","status":"publish","type":"post","link":"https:\/\/inces.gob.ve\/index.php\/2022\/02\/23\/estudiante-del-inces-presentan-y-defienden-portafolio-por-experiencias-de-saberes\/","title":{"rendered":"M\u00c9RIDA | Estudiante del Inces presentan y defienden portafolio por experiencias de saberes"},"content":{"rendered":"<p align=\"justify\"><span style=\"font-family: Georgia, serif;\"><span style=\"font-size: large;\"><i><b>**Tras cumplir con el perfil productivo y acad\u00e9mico, los estudiantes esperan por el otorgamiento del t\u00edtulo de bachiller <\/b><\/i><\/span><\/span><\/p>\n<p align=\"justify\"><!--more--><\/p>\n<p align=\"justify\"><span style=\"font-family: Georgia, serif;\"><span style=\"font-size: large;\"><b>NADIA LOBO<\/b><\/span><\/span><\/p>\n<p align=\"justify\"><span style=\"font-family: Georgia, serif;\"><span style=\"font-size: large;\">El gerente regional del Inces-M\u00e9rida, Geldrit Roca, inform\u00f3 que se desarroll\u00f3 de manera exitosa la primera <b>socializaci\u00f3n de portafolios del a\u00f1o 2022 que permite la acreditaci\u00f3n de saberes y haceres por experiencias de cinco estudiantes del Bachillerato Productivo de esta instituci\u00f3n.<\/b><\/span><\/span><\/p>\n<p align=\"justify\"><span style=\"font-family: Georgia, serif;\"><span style=\"font-size: large;\">Indic\u00f3 que la jornada de presentaci\u00f3n de portafolios y autobiograf\u00edas de los estudiantes del Programa Bachiller Productivo del Inces se desarroll\u00f3 en las instalaciones del centro de formaci\u00f3n socialista (CFS) Eliezer Otaiza, ubicado en la ciudad de M\u00e9rida, cumpliendo con las medidas de bioseguridad.<\/span><\/span><\/p>\n<p align=\"justify\"><span style=\"font-family: Georgia, serif;\"><span style=\"font-size: large;\">En esta oportunidad, <b>un trabajador de Corpoelec, dos estilistas, una productora de caf\u00e9 y<\/b> <b>un ex -trabajador del Inces <\/b>presentaron y defendieron el portafolio que permite <b>la acreditaci\u00f3n de saberes y haceres por experiencias<\/b>, dando fiel cumplimiento a lo establecido en las normativas acad\u00e9micas.<img loading=\"lazy\" decoding=\"async\" class=\"aligncenter wp-image-41351 size-full\" src=\"https:\/\/inces.gob.ve\/wp-content\/uploads\/2022\/02\/portafolio-BACHILLERATO-3.jpg\" alt=\"\" width=\"1024\" height=\"768\" srcset=\"https:\/\/inces.gob.ve\/wp-content\/uploads\/2022\/02\/portafolio-BACHILLERATO-3.jpg 1024w, https:\/\/inces.gob.ve\/wp-content\/uploads\/2022\/02\/portafolio-BACHILLERATO-3-300x225.jpg 300w, https:\/\/inces.gob.ve\/wp-content\/uploads\/2022\/02\/portafolio-BACHILLERATO-3-768x576.jpg 768w, https:\/\/inces.gob.ve\/wp-content\/uploads\/2022\/02\/portafolio-BACHILLERATO-3-136x102.jpg 136w\" sizes=\"auto, (max-width: 1024px) 100vw, 1024px\" \/><\/span><\/span><\/p>\n<p align=\"justify\"><span style=\"font-family: Georgia, serif;\"><span style=\"font-size: large;\">Roca asegur\u00f3 que esta actividad acad\u00e9mica se viene realizando tanto en M\u00e9rida como en el resto del pa\u00eds, cumpliendo orientaciones del presidente del Inces Wuikelman \u00c1ngel Paredes, como del Ministerio del Poder Popular para la Educaci\u00f3n, siendo parte del cronograma del fiel cumplimiento del perfil productivo de los estudiantes que aspira obtener el t\u00edtulo de bachiller.<\/span><\/span><\/p>\n<p align=\"justify\"><span style=\"font-family: Georgia, serif;\"><span style=\"font-size: large;\">El gerente regional del Inces se mostr\u00f3 satisfecho por la actividad, pues cada participante present\u00f3 de forma creativa e interesante sus habilidades y saberes adquiridos, fortaleciendo el proceso de aprendizaje y cumpliendo de esta manera con un perfil productivo, bajo el acompa\u00f1amiento y coordinaci\u00f3n del <b>Programa de Educaci\u00f3n Media General.<\/b><\/span><\/span><\/p>\n","protected":false},"excerpt":{"rendered":"<p>**Tras cumplir con el perfil productivo y acad\u00e9mico, los estudiantes esperan por el otorgamiento del t\u00edtulo de bachiller<\/p>\n","protected":false},"author":4,"featured_media":41349,"comment_status":"closed","ping_status":"closed","sticky":false,"template":"","format":"standard","meta":{"footnotes":""},"categories":[2],"tags":[],"class_list":["post-41348","post","type-post","status-publish","format-standard","has-post-thumbnail","hentry","category-blog"],"_links":{"self":[{"href":"https:\/\/inces.gob.ve\/index.php\/wp-json\/wp\/v2\/posts\/41348","targetHints":{"allow":["GET"]}}],"collection":[{"href":"https:\/\/inces.gob.ve\/index.php\/wp-json\/wp\/v2\/posts"}],"about":[{"href":"https:\/\/inces.gob.ve\/index.php\/wp-json\/wp\/v2\/types\/post"}],"author":[{"embeddable":true,"href":"https:\/\/inces.gob.ve\/index.php\/wp-json\/wp\/v2\/users\/4"}],"replies":[{"embeddable":true,"href":"https:\/\/inces.gob.ve\/index.php\/wp-json\/wp\/v2\/comments?post=41348"}],"version-history":[{"count":4,"href":"https:\/\/inces.gob.ve\/index.php\/wp-json\/wp\/v2\/posts\/41348\/revisions"}],"predecessor-version":[{"id":42795,"href":"https:\/\/inces.gob.ve\/index.php\/wp-json\/wp\/v2\/posts\/41348\/revisions\/42795"}],"wp:featuredmedia":[{"embeddable":true,"href":"https:\/\/inces.gob.ve\/index.php\/wp-json\/wp\/v2\/media\/41349"}],"wp:attachment":[{"href":"https:\/\/inces.gob.ve\/index.php\/wp-json\/wp\/v2\/media?parent=41348"}],"wp:term":[{"taxonomy":"category","embeddable":true,"href":"https:\/\/inces.gob.ve\/index.php\/wp-json\/wp\/v2\/categories?post=41348"},{"taxonomy":"post_tag","embeddable":true,"href":"https:\/\/inces.gob.ve\/index.php\/wp-json\/wp\/v2\/tags?post=41348"}],"curies":[{"name":"wp","href":"https:\/\/api.w.org\/{rel}","templated":true}]}}