{"id":41355,"date":"2022-02-23T10:11:08","date_gmt":"2022-02-23T14:11:08","guid":{"rendered":"https:\/\/inces.gob.ve\/?p=41355"},"modified":"2022-02-23T10:19:37","modified_gmt":"2022-02-23T14:19:37","slug":"personal-de-la-policlinica-mendez-gimon-sera-formado-por-el-inces","status":"publish","type":"post","link":"https:\/\/inces.gob.ve\/index.php\/2022\/02\/23\/personal-de-la-policlinica-mendez-gimon-sera-formado-por-el-inces\/","title":{"rendered":"Personal de la Policl\u00ednica M\u00e9ndez Gim\u00f3n ser\u00e1 formado por el Inces"},"content":{"rendered":"<p align=\"justify\"><em><strong><span style=\"color: #000000;\"><span style=\"font-family: Georgia,serif;\"><span style=\"font-size: large;\">** Personal del recinto de salud se postul\u00f3 para ser maestro<\/span><\/span><\/span><\/strong><\/em><!--more--><\/p>\n<p align=\"justify\"><span style=\"color: #000000;\"><span style=\"font-family: Georgia, serif;\"><span style=\"font-size: large;\">LT<\/span><\/span><\/span><\/p>\n<p align=\"justify\"><span style=\"color: #000000;\"><span style=\"font-family: Georgia, serif;\"><span style=\"font-size: large;\">En funci\u00f3n de iniciar un proceso de formaci\u00f3n especial para el talentu humano de la Policl\u00ednica M\u00e9ndez Gim\u00f3n, la Gerencia General de Formaci\u00f3n Profesional del Inces sostuvo una reuni\u00f3n preliminar con representantes de la entidad asistencial que tuvo como objetivo central dise\u00f1ar el proceso de caracterizaci\u00f3n de los trabajadores que participar\u00e1n en formaci\u00f3n, para la posterior acreditaci\u00f3n y certificaci\u00f3n de saberes emp\u00edricos y en ejercicios.<\/span><\/span><\/span><\/p>\n<p align=\"justify\"><span style=\"color: #000000;\"><span style=\"font-family: Georgia, serif;\"><span style=\"font-size: large;\">Durante el encuentro, la policl\u00ednica manifest\u00f3 la necesidad de fortalecer las habilidades y destrezas de sus trabajadores, tanto los de nuevo ingreso, como el equipo que tienen muchos a\u00f1os en el centro de salud, as\u00ed como otro grupo que ha asumido responsabilidades de mayor envergadura.<\/span><\/span><\/span><\/p>\n<p align=\"justify\"><span style=\"color: #000000;\"><span style=\"font-family: Georgia, serif;\"><span style=\"font-size: large;\">La M\u00e9ndez Gim\u00f3n mostr\u00f3 apertura para que los procesos formativos, de acreditaci\u00f3n y certificaci\u00f3n se realicen, bien dentro de la misma entidad de trabajo o en el centro de formaci\u00f3n socialista m\u00e1s cercano al punto y c\u00edrculo de la policl\u00ednica.<\/span><\/span><\/span><\/p>\n<p align=\"justify\"><span style=\"color: #000000;\"><span style=\"font-family: Georgia, serif;\"><span style=\"font-size: large;\">Una vez caracterizado el personal y evaluadas las necesidades de la entidad de trabajo, se priorizar\u00e1, de acuerdo a la solicitud de la policl\u00ednica la formaci\u00f3n en Primeros Auxilios, Excel, Atenci\u00f3n al Cliente, Crecimiento Personal, Formaci\u00f3n de Lideres, Trabajo en Equipo y Comunicaci\u00f3n Personal, entre otros. <\/span><\/span><\/span><\/p>\n<p align=\"justify\"><span style=\"color: #000000;\"><span style=\"font-family: Georgia, serif;\"><span style=\"font-size: large;\">Se estima que participen aproximadamente 58 trabajadores de \u00e1reas como secretariado, almacenista y en otras del sector administrativo. Para el proceso de certificaci\u00f3n, se espera atender un requerimiento de 18 trabajadores en cocina y comedor. En cuanto a la prosecuci\u00f3n de estudios es necesaria la incorporaci\u00f3n de dos trabajadores a las unidades educativas. <\/span><\/span><\/span><\/p>\n<p align=\"justify\"><span style=\"color: #000000;\"><span style=\"font-family: Georgia, serif;\"><span style=\"font-size: large;\">Entre los acuerdos, el Inces se comprometi\u00f3 a facilitar a la entidad de trabajo la oferta de los centros de formaci\u00f3n y ambientes for\u00e1neos, tanto para clases presenciales como para los cursos que se ofrecen en el Campus Virtual.<\/span><\/span><\/span><\/p>\n<p align=\"justify\"><span style=\"color: #000000;\"><span style=\"font-family: Georgia, serif;\"><span style=\"font-size: large;\">El encuentro cont\u00f3, por parte de la policl\u00ednica, con representantes del Departamento de Organizaci\u00f3n y M\u00e9todo, entre quienes se contaron Alexis Blando; la gerente de Servicios Hospitalarios, Luisa Chirinos y la gerente de Talento Humano, Patricia Mart\u00ednez; mientras que por el Inces asisti\u00f3 la Divisi\u00f3n de Atenci\u00f3n Integral al Participante, en la persona de Mar\u00eda Jes\u00fas Navarro.<\/span><\/span><\/span><\/p>\n<p align=\"justify\"><span style=\"color: #000000;\"><span style=\"font-family: Georgia, serif;\"><span style=\"font-size: large;\">Se acord\u00f3 un pr\u00f3ximo encuentro para mediados del mes en curso.<\/span><\/span><\/span><\/p>\n<p align=\"justify\"><span style=\"color: #073763;\">\u00a0<\/span><\/p>\n<p align=\"justify\"><span style=\"color: #073763;\"><span style=\"font-family: Georgia, serif;\"><span style=\"font-size: large;\">FUENTE: Gerencia General de Formaci\u00f3n Profesional<\/span><\/span><\/span><\/p>\n<p align=\"justify\"><span style=\"color: #000000;\"><span style=\"font-family: Times New Roman, serif;\"><span style=\"font-size: medium;\">\u00a0<\/span><\/span><\/span><\/p>\n<p align=\"justify\">\n","protected":false},"excerpt":{"rendered":"<p>** Personal del recinto de salud se postul\u00f3 para ser maestro<\/p>\n","protected":false},"author":4,"featured_media":41356,"comment_status":"closed","ping_status":"closed","sticky":false,"template":"","format":"standard","meta":{"footnotes":""},"categories":[2],"tags":[],"class_list":["post-41355","post","type-post","status-publish","format-standard","has-post-thumbnail","hentry","category-blog"],"_links":{"self":[{"href":"https:\/\/inces.gob.ve\/index.php\/wp-json\/wp\/v2\/posts\/41355","targetHints":{"allow":["GET"]}}],"collection":[{"href":"https:\/\/inces.gob.ve\/index.php\/wp-json\/wp\/v2\/posts"}],"about":[{"href":"https:\/\/inces.gob.ve\/index.php\/wp-json\/wp\/v2\/types\/post"}],"author":[{"embeddable":true,"href":"https:\/\/inces.gob.ve\/index.php\/wp-json\/wp\/v2\/users\/4"}],"replies":[{"embeddable":true,"href":"https:\/\/inces.gob.ve\/index.php\/wp-json\/wp\/v2\/comments?post=41355"}],"version-history":[{"count":2,"href":"https:\/\/inces.gob.ve\/index.php\/wp-json\/wp\/v2\/posts\/41355\/revisions"}],"predecessor-version":[{"id":41359,"href":"https:\/\/inces.gob.ve\/index.php\/wp-json\/wp\/v2\/posts\/41355\/revisions\/41359"}],"wp:featuredmedia":[{"embeddable":true,"href":"https:\/\/inces.gob.ve\/index.php\/wp-json\/wp\/v2\/media\/41356"}],"wp:attachment":[{"href":"https:\/\/inces.gob.ve\/index.php\/wp-json\/wp\/v2\/media?parent=41355"}],"wp:term":[{"taxonomy":"category","embeddable":true,"href":"https:\/\/inces.gob.ve\/index.php\/wp-json\/wp\/v2\/categories?post=41355"},{"taxonomy":"post_tag","embeddable":true,"href":"https:\/\/inces.gob.ve\/index.php\/wp-json\/wp\/v2\/tags?post=41355"}],"curies":[{"name":"wp","href":"https:\/\/api.w.org\/{rel}","templated":true}]}}