{"id":41399,"date":"2022-02-24T07:05:51","date_gmt":"2022-02-24T11:05:51","guid":{"rendered":"https:\/\/inces.gob.ve\/?p=41399"},"modified":"2022-02-24T07:05:51","modified_gmt":"2022-02-24T11:05:51","slug":"los-andes-inces-se-une-a-la-atencion-integral-a-jovenes-meridenos","status":"publish","type":"post","link":"https:\/\/inces.gob.ve\/index.php\/2022\/02\/24\/los-andes-inces-se-une-a-la-atencion-integral-a-jovenes-meridenos\/","title":{"rendered":"LOS ANDES | Inces se une a la atenci\u00f3n integral a j\u00f3venes meride\u00f1os"},"content":{"rendered":"<p style=\"text-align: justify;\"><span style=\"font-size: 14pt;\"><strong><span style=\"font-family: Arial, serif;\"><i>***Diferentes actividades se desarroll<\/i><\/span><span style=\"font-family: Arial, serif;\"><i>aron<\/i><\/span><span style=\"font-family: Arial, serif;\"><i> en el estado M\u00e9rida para celebrar el D\u00eda de la Juventud<\/i><\/span><\/strong><!--more--><\/span><\/p>\n<p style=\"text-align: justify;\">\n<p style=\"text-align: justify;\"><span style=\"font-family: Arial, serif; font-size: 14pt;\"><b>NADIA LOBO<\/b><\/span><\/p>\n<p style=\"text-align: justify;\"><span style=\"font-size: 14pt;\"><span style=\"font-family: Arial, serif;\">Como parte de las actividades de atenci\u00f3n orientadas por el <\/span><span style=\"font-family: Arial, serif;\">p<\/span><span style=\"font-family: Arial, serif;\">residente Nicol\u00e1s Maduro para celebrar el D\u00eda de la Juventud, el Inces-M\u00e9rida conjuntamente con otras instituciones atendieron de manera integral a los estudiantes de la Escuela T\u00e9cnica Comercial (ETC) Sim\u00f3n Rodr\u00edguez ubicada en \u00e9sta entidad andina.<\/span><\/span><\/p>\n<p style=\"text-align: justify;\">\n<p style=\"text-align: justify;\"><span style=\"font-size: 14pt;\"><span style=\"font-family: Arial, serif;\">As\u00ed lo inform\u00f3 el gerente regional del Inces, Geldrit Roca quien agradeci\u00f3 el apoyo y acompa\u00f1amiento de las siguientes instituciones: Jpsuv, INN, Misi\u00f3n Robert Serra, IDENNA, InaMujer, Barrio Adentro, Zona Educativa, Direcci\u00f3n de Desarrollo Social, Juventud meride\u00f1a, Ministerio de la Juventud y Deporte, todos bajo la coordinaci\u00f3n del ciudadano gobernador del estado Bolivariano de M\u00e9rida, Jehyson Guzm\u00e1n, con el objetiv<\/span><span style=\"font-family: Arial, serif;\">o de atender a los estudiantes de educaci\u00f3n media.<\/span><\/span><\/p>\n<p style=\"text-align: justify;\">\n<p style=\"text-align: justify;\"><span style=\"font-size: 14pt;\"><span style=\"font-family: Arial, serif;\">El Inces por su parte, present\u00f3 la oferta formativa dirigida tanto a estudiantes como a maestros pautada para el primer semestre del a\u00f1o 2022, <\/span><span style=\"font-family: Arial, serif;\">a<\/span><span style=\"font-family: Arial, serif;\">s\u00ed como las propuestas de cursos virtuales que ofrece la instituci\u00f3n en convenio con la Fundaci\u00f3n Telef\u00f3nica Movistar y que busca fortalecer la formaci\u00f3n en el campo de las nuevas tecnolog\u00edas.<\/span><\/span><\/p>\n<p style=\"text-align: justify;\">\n<p style=\"text-align: justify;\"><span style=\"font-family: Arial, serif; font-size: 14pt;\">De igual manera, Roca explic\u00f3 la importancia de los motores priorizados para impulsar la econom\u00eda local y nacional, como los beneficios del Programa Nacional de Aprendizaje (PNA) y la certificaci\u00f3n y acreditaci\u00f3n en oficios productivos, con la finalidad que la juventud puedan aprovechar las distintas ofertas formativas, siguiendo las instrucciones del viceministro y presidente del Inces, Wuikelman Angel Paredes.<\/span><\/p>\n","protected":false},"excerpt":{"rendered":"<p>***Diferentes actividades se desarrollaron en el estado M\u00e9rida para celebrar el D\u00eda de la Juventud<\/p>\n","protected":false},"author":4,"featured_media":41400,"comment_status":"closed","ping_status":"closed","sticky":false,"template":"","format":"standard","meta":{"footnotes":""},"categories":[2],"tags":[],"class_list":["post-41399","post","type-post","status-publish","format-standard","has-post-thumbnail","hentry","category-blog"],"_links":{"self":[{"href":"https:\/\/inces.gob.ve\/index.php\/wp-json\/wp\/v2\/posts\/41399","targetHints":{"allow":["GET"]}}],"collection":[{"href":"https:\/\/inces.gob.ve\/index.php\/wp-json\/wp\/v2\/posts"}],"about":[{"href":"https:\/\/inces.gob.ve\/index.php\/wp-json\/wp\/v2\/types\/post"}],"author":[{"embeddable":true,"href":"https:\/\/inces.gob.ve\/index.php\/wp-json\/wp\/v2\/users\/4"}],"replies":[{"embeddable":true,"href":"https:\/\/inces.gob.ve\/index.php\/wp-json\/wp\/v2\/comments?post=41399"}],"version-history":[{"count":1,"href":"https:\/\/inces.gob.ve\/index.php\/wp-json\/wp\/v2\/posts\/41399\/revisions"}],"predecessor-version":[{"id":41401,"href":"https:\/\/inces.gob.ve\/index.php\/wp-json\/wp\/v2\/posts\/41399\/revisions\/41401"}],"wp:featuredmedia":[{"embeddable":true,"href":"https:\/\/inces.gob.ve\/index.php\/wp-json\/wp\/v2\/media\/41400"}],"wp:attachment":[{"href":"https:\/\/inces.gob.ve\/index.php\/wp-json\/wp\/v2\/media?parent=41399"}],"wp:term":[{"taxonomy":"category","embeddable":true,"href":"https:\/\/inces.gob.ve\/index.php\/wp-json\/wp\/v2\/categories?post=41399"},{"taxonomy":"post_tag","embeddable":true,"href":"https:\/\/inces.gob.ve\/index.php\/wp-json\/wp\/v2\/tags?post=41399"}],"curies":[{"name":"wp","href":"https:\/\/api.w.org\/{rel}","templated":true}]}}