{"id":41402,"date":"2022-02-24T07:11:48","date_gmt":"2022-02-24T11:11:48","guid":{"rendered":"https:\/\/inces.gob.ve\/?p=41402"},"modified":"2022-02-24T07:11:48","modified_gmt":"2022-02-24T11:11:48","slug":"amazonas-inces-inicia-formaciones-en-centros-educativos","status":"publish","type":"post","link":"https:\/\/inces.gob.ve\/index.php\/2022\/02\/24\/amazonas-inces-inicia-formaciones-en-centros-educativos\/","title":{"rendered":"AMAZONAS | Inces inicia formaciones en centros educativos"},"content":{"rendered":"<p style=\"text-align: justify;\"><strong><span style=\"font-family: Georgia, serif; font-size: 14pt;\"><em>**\u00a0 Estudiantes del \u00faltimo a\u00f1od e bachillerato se forman como panaderos<\/em><br \/>\n<\/span><!--more--><\/strong><\/p>\n<p style=\"text-align: justify;\">\n<p style=\"text-align: justify;\"><strong><span style=\"color: #3d3d3d; font-size: 14pt;\"><span style=\"font-family: Georgia, serif;\">F\u00c9LIX RUIZ<\/span><\/span><\/strong><\/p>\n<p style=\"text-align: justify;\"><span style=\"font-family: Georgia, serif; font-size: 14pt;\">En har\u00e1s de dar cumplimiento a una de las siete l\u00edneas estrat\u00e9gicas del Inces, espec\u00edficamente la de atender unidades educativas, inicia la formaci\u00f3n en la Gran Mariscal de Ayacucho, ubicado en la Av. R\u00f3mulo Gallego de la ciudad de puerto Ayacucho.<\/span><\/p>\n<p>&nbsp;<\/p>\n<p style=\"text-align: justify;\"><span style=\"font-family: Georgia, serif; font-size: 14pt;\">A la fecha se cuenta con una matr\u00edcula de 17 estudiantes en el motor Turismo, quienes se forman en panader\u00eda, impulsando as\u00ed la formaci\u00f3n t\u00e9cnica profesional de los j\u00f3venes estudiantes de 5to a\u00f1o.<\/span><\/p>\n<p>&nbsp;<\/p>\n<p style=\"text-align: justify;\" align=\"justify\"><span style=\"font-family: Georgia, serif; font-size: 14pt;\">La formaci\u00f3n es dictada por el maestro Jos\u00e9 Hern\u00e1ndez, y la misma tiene como objetivo fortalecer la formaci\u00f3n de los j\u00f3venes del estado Amazonas en los diferentes centros educativos.<\/span><\/p>\n<p align=\"justify\">\n<p style=\"text-align: justify;\" align=\"justify\"><span style=\"font-family: Georgia, serif; font-size: 14pt;\">Inces Amazonas sigue trabajando enfocado en la formaci\u00f3n de la juventud, para que tenga un conocimiento t\u00e9cnico profesional \u00a0enmarcado en el FormarProduciendo, Producir Formando.<\/span><\/p>\n","protected":false},"excerpt":{"rendered":"<p>**\u00a0 Estudiantes del \u00faltimo a\u00f1od e bachillerato se forman como panaderos<\/p>\n","protected":false},"author":4,"featured_media":41403,"comment_status":"closed","ping_status":"closed","sticky":false,"template":"","format":"standard","meta":{"footnotes":""},"categories":[2],"tags":[],"class_list":["post-41402","post","type-post","status-publish","format-standard","has-post-thumbnail","hentry","category-blog"],"_links":{"self":[{"href":"https:\/\/inces.gob.ve\/index.php\/wp-json\/wp\/v2\/posts\/41402","targetHints":{"allow":["GET"]}}],"collection":[{"href":"https:\/\/inces.gob.ve\/index.php\/wp-json\/wp\/v2\/posts"}],"about":[{"href":"https:\/\/inces.gob.ve\/index.php\/wp-json\/wp\/v2\/types\/post"}],"author":[{"embeddable":true,"href":"https:\/\/inces.gob.ve\/index.php\/wp-json\/wp\/v2\/users\/4"}],"replies":[{"embeddable":true,"href":"https:\/\/inces.gob.ve\/index.php\/wp-json\/wp\/v2\/comments?post=41402"}],"version-history":[{"count":1,"href":"https:\/\/inces.gob.ve\/index.php\/wp-json\/wp\/v2\/posts\/41402\/revisions"}],"predecessor-version":[{"id":41404,"href":"https:\/\/inces.gob.ve\/index.php\/wp-json\/wp\/v2\/posts\/41402\/revisions\/41404"}],"wp:featuredmedia":[{"embeddable":true,"href":"https:\/\/inces.gob.ve\/index.php\/wp-json\/wp\/v2\/media\/41403"}],"wp:attachment":[{"href":"https:\/\/inces.gob.ve\/index.php\/wp-json\/wp\/v2\/media?parent=41402"}],"wp:term":[{"taxonomy":"category","embeddable":true,"href":"https:\/\/inces.gob.ve\/index.php\/wp-json\/wp\/v2\/categories?post=41402"},{"taxonomy":"post_tag","embeddable":true,"href":"https:\/\/inces.gob.ve\/index.php\/wp-json\/wp\/v2\/tags?post=41402"}],"curies":[{"name":"wp","href":"https:\/\/api.w.org\/{rel}","templated":true}]}}