{"id":41407,"date":"2022-02-25T11:12:37","date_gmt":"2022-02-25T15:12:37","guid":{"rendered":"https:\/\/inces.gob.ve\/?p=41407"},"modified":"2022-02-25T11:12:37","modified_gmt":"2022-02-25T15:12:37","slug":"aragua-cptt-activos-de-la-mano-del-inces","status":"publish","type":"post","link":"https:\/\/inces.gob.ve\/index.php\/2022\/02\/25\/aragua-cptt-activos-de-la-mano-del-inces\/","title":{"rendered":"ARAGUA &#8211;\u00a0 CPTT activos de la mano del Inces"},"content":{"rendered":"<p style=\"text-align: justify;\"><em><strong><span style=\"font-size: 14pt;\">** Actualizaci\u00f3n, conformaci\u00f3n y formaci\u00f3n es la misi\u00f3n<\/span><\/strong><\/em><!--more--><\/p>\n<p style=\"text-align: justify;\">\n<p style=\"text-align: justify;\"><strong><span style=\"font-size: 14pt;\">NINOSKA PATRIZ<\/span><\/strong><\/p>\n<p style=\"text-align: justify;\">\n<p style=\"text-align: justify;\"><span style=\"font-size: 14pt;\">Desde las instalaciones del Inces Aragua se realiz\u00f3 una reuni\u00f3n especial para fijar la elecci\u00f3n, conformaci\u00f3n y formaci\u00f3n de los Consejos Productivos de Trabajadores y trabajadoras (CPTT).<\/span><\/p>\n<p style=\"text-align: justify;\">\n<p style=\"text-align: justify;\"><span style=\"font-size: 14pt;\">Al respecto, los voceros: Leisi Sibriani, directora estadal del Ministerio del Trabajo, C\u00e9sar Rebolledo, presidente de la Central de Trabajadores y Neptaly Parra Legislador realizaron acuerdos y alianzas entre las instituciones y organizamos presentes, para el desarrollo de un Plan Formativo, de un aproximado de 60 trabajadores.<\/span><\/p>\n<p style=\"text-align: justify;\">\n<p style=\"text-align: justify;\"><span style=\"font-size: 14pt;\">Los mismos fueron atendidos directamente por Oliver Medina, gerente general del Inces Regi\u00f3n Aragua y su equipo de trabajo: Yelitza Rodr\u00edguez, jefa de Formaci\u00f3n Profesional, Rebeca Carpio, jefa de Unidad Delegada, Jos\u00e9 Luis Guzm\u00e1n, \u00c1ngel Mosquera y Lucinda Hern\u00e1ndez, formadores de formadores.<\/span><\/p>\n<p style=\"text-align: justify;\">\n<p style=\"text-align: justify;\"><span style=\"font-size: 14pt;\">En este sentido, dando cumplimiento a los lineamientos establecidos por el presidente Nicol\u00e1s Maduro, se estableci\u00f3 la importancia de la actualizaci\u00f3n de los 34 CPTT, en los diferentes ejes de la regi\u00f3n.<\/span><\/p>\n<p style=\"text-align: justify;\">\n<p style=\"text-align: justify;\"><span style=\"font-size: 14pt;\">\u00abLos CPTT tienen la misi\u00f3n de velar por el cumplimiento de la cadena productiva, por medio de la participaci\u00f3n activa de trabajadores dirigentes que asumen de manera consciente, su papel en el impulso de la econom\u00eda de la Patria\u00bb, acot\u00f3 Medina.<\/span><\/p>\n<p style=\"text-align: justify;\">\n<p style=\"text-align: justify;\"><span style=\"font-size: 14pt;\">\u00abNuestro objetivo es transversalizar, aspectos pol\u00edticos de lucha y transformaci\u00f3n hacia productos org\u00e1nicos, desde la construcci\u00f3n de saberes, con elementos atractivos, integrales y din\u00e1micos que despierten el gusto por el conocimiento y su valor pr\u00e1ctico aunado al compromiso y sentido de pertenencia en cada espacio productivo del pa\u00eds\u00bb, agreg\u00f3 Yelitza Rodr\u00edguez.\u00a0<\/span><\/p>\n<p style=\"text-align: justify;\">\n<p style=\"text-align: justify;\"><span style=\"font-size: 14pt;\">As\u00ed mismo se fij\u00f3 nueva reuni\u00f3n para el mi\u00e9rcoles 16 del mes en curso, para dar inicio al taller: \u00abProceso Social del Trabajo\u00bb, esperando pr\u00f3ximamente el diplomado en relaci\u00f3n a las materias correspondientes.<\/span><\/p>\n","protected":false},"excerpt":{"rendered":"<p>** Actualizaci\u00f3n, conformaci\u00f3n y formaci\u00f3n es la misi\u00f3n<\/p>\n","protected":false},"author":4,"featured_media":41408,"comment_status":"closed","ping_status":"closed","sticky":false,"template":"","format":"standard","meta":{"footnotes":""},"categories":[2],"tags":[],"class_list":["post-41407","post","type-post","status-publish","format-standard","has-post-thumbnail","hentry","category-blog"],"_links":{"self":[{"href":"https:\/\/inces.gob.ve\/index.php\/wp-json\/wp\/v2\/posts\/41407","targetHints":{"allow":["GET"]}}],"collection":[{"href":"https:\/\/inces.gob.ve\/index.php\/wp-json\/wp\/v2\/posts"}],"about":[{"href":"https:\/\/inces.gob.ve\/index.php\/wp-json\/wp\/v2\/types\/post"}],"author":[{"embeddable":true,"href":"https:\/\/inces.gob.ve\/index.php\/wp-json\/wp\/v2\/users\/4"}],"replies":[{"embeddable":true,"href":"https:\/\/inces.gob.ve\/index.php\/wp-json\/wp\/v2\/comments?post=41407"}],"version-history":[{"count":1,"href":"https:\/\/inces.gob.ve\/index.php\/wp-json\/wp\/v2\/posts\/41407\/revisions"}],"predecessor-version":[{"id":41409,"href":"https:\/\/inces.gob.ve\/index.php\/wp-json\/wp\/v2\/posts\/41407\/revisions\/41409"}],"wp:featuredmedia":[{"embeddable":true,"href":"https:\/\/inces.gob.ve\/index.php\/wp-json\/wp\/v2\/media\/41408"}],"wp:attachment":[{"href":"https:\/\/inces.gob.ve\/index.php\/wp-json\/wp\/v2\/media?parent=41407"}],"wp:term":[{"taxonomy":"category","embeddable":true,"href":"https:\/\/inces.gob.ve\/index.php\/wp-json\/wp\/v2\/categories?post=41407"},{"taxonomy":"post_tag","embeddable":true,"href":"https:\/\/inces.gob.ve\/index.php\/wp-json\/wp\/v2\/tags?post=41407"}],"curies":[{"name":"wp","href":"https:\/\/api.w.org\/{rel}","templated":true}]}}