{"id":41426,"date":"2022-03-02T10:17:13","date_gmt":"2022-03-02T14:17:13","guid":{"rendered":"https:\/\/inces.gob.ve\/?p=41426"},"modified":"2022-03-02T10:40:31","modified_gmt":"2022-03-02T14:40:31","slug":"yaracuy-inces-recupera-espacios-de-formacion-y-capacitacion","status":"publish","type":"post","link":"https:\/\/inces.gob.ve\/index.php\/2022\/03\/02\/yaracuy-inces-recupera-espacios-de-formacion-y-capacitacion\/","title":{"rendered":"YARACUY | Inces recupera espacios de formaci\u00f3n y capacitaci\u00f3n"},"content":{"rendered":"<p align=\"justify\"><span style=\"font-family: Georgia, serif;\"><span style=\"font-size: large;\">*<em><strong><span style=\"font-size: 14pt;\">**Recuperaci\u00f3n de cerca perimetral, luminarias y pintura son algunos de los trabajos que adelantan para optimizar los espacios <\/span><\/strong><\/em><\/span><\/span><!--more--><\/p>\n<p align=\"justify\"><span style=\"font-family: Georgia, serif;\"><span style=\"font-size: large;\">YOLAICE VARGAS<\/span><\/span><\/p>\n<p align=\"justify\"><span style=\"font-family: Georgia, serif;\"><span style=\"font-size: large;\">Para dar cumplimiento al llamado del presidente de la Rep\u00fablica Nicol\u00e1s Maduro, de reincorporaci\u00f3n al trabajo progresivo en las instituciones p\u00fablicas, se inici\u00f3 el proceso de recuperaci\u00f3n y rehabilitaci\u00f3n de los espacios de formaci\u00f3n y capacitaci\u00f3n, as\u00ed como de las \u00e1reas administrativas del Inces Yaracuy. <\/span><\/span><\/p>\n<p align=\"justify\"><span style=\"font-family: Georgia, serif;\"><span style=\"font-size: large;\">El gerente regional del ente, Dalvi Torrealba, inform\u00f3 que desde el inicio del a\u00f1o 2022 se encuentran en fase de recuperaci\u00f3n de las instalaciones de las diferentes sedes que alberga el estado Yaracuy.<\/span><\/span><\/p>\n<p align=\"justify\"><span style=\"font-family: Georgia, serif;\"><span style=\"font-size: large;\">En la actualidad trabajan en el Centro de Formaci\u00f3n Socialista (CFS), \u201cManuel Cede\u00f1o\u201d donde se lleva a cabo limpieza de interiores as\u00ed como de exteriores, adecuaci\u00f3n de las oficinas administrativas entre otros detalles, a fin de optimizar los espacios para comenzar con la formaci\u00f3n.<img loading=\"lazy\" decoding=\"async\" class=\"aligncenter wp-image-41427 \" src=\"https:\/\/inces.gob.ve\/wp-content\/uploads\/2022\/03\/cerca-perimetral-luminarias1-.jpg\" alt=\"\" width=\"865\" height=\"409\" srcset=\"https:\/\/inces.gob.ve\/wp-content\/uploads\/2022\/03\/cerca-perimetral-luminarias1-.jpg 1008w, https:\/\/inces.gob.ve\/wp-content\/uploads\/2022\/03\/cerca-perimetral-luminarias1--300x142.jpg 300w, https:\/\/inces.gob.ve\/wp-content\/uploads\/2022\/03\/cerca-perimetral-luminarias1--768x363.jpg 768w\" sizes=\"auto, (max-width: 865px) 100vw, 865px\" \/><\/span><\/span><\/p>\n<p align=\"justify\"><span style=\"font-family: Georgia, serif;\"><span style=\"font-size: large;\">Se\u00f1al\u00f3 que adem\u00e1s est\u00e1 siendo intervenida la sede administrativa de la gerencia regional y el Centro de Formaci\u00f3n Socialista Industrial (CFSI) \u201cSan Felipe El Fuerte\u201d, todo ello con el objetivo de ambientar los espacios que se encontraban inoperativos debido a la pandemia por covid-19 <\/span><\/span><\/p>\n<p align=\"justify\"><span style=\"font-family: Georgia, serif;\"><span style=\"font-size: large;\">En tal sentido mencion\u00f3 que fue reparada la cerca perimetral del CFSI \u201cSan Felipe El Fuerte\u201d en su totalidad, as\u00ed como rehabilitaci\u00f3n de la gerencia general, que contempla trabajos de: recuperaci\u00f3n de luminarias, pintura, entre otros detalles menores; de igual modo se ejecutan trabajos en la cancha de la instituci\u00f3n, para posteriormente dar inicio a un ciclo de actividades deportivas en donde ser\u00e1n involucradas las comunidades cercanas, dentro del punto y c\u00edrculo de la sede. <\/span><\/span><\/p>\n<p align=\"justify\"><span style=\"font-family: Georgia, serif;\"><span style=\"font-size: large;\">Por otra parte, el gerente regional del Inces Yaracuy mencion\u00f3 que trabajan en proyectos productivos que permitir\u00e1n ofrecer servicios dentro de la instituci\u00f3n a las comunidades, garantizando mayor ahorro en comparaci\u00f3n a los ofertados por la empresa privada. <\/span><\/span><\/p>\n","protected":false},"excerpt":{"rendered":"<p>***Recuperaci\u00f3n de cerca perimetral, luminarias y pintura son algunos de los trabajos que adelantan para optimizar los espacios<\/p>\n","protected":false},"author":4,"featured_media":41428,"comment_status":"closed","ping_status":"closed","sticky":false,"template":"","format":"standard","meta":{"footnotes":""},"categories":[2],"tags":[],"class_list":["post-41426","post","type-post","status-publish","format-standard","has-post-thumbnail","hentry","category-blog"],"_links":{"self":[{"href":"https:\/\/inces.gob.ve\/index.php\/wp-json\/wp\/v2\/posts\/41426","targetHints":{"allow":["GET"]}}],"collection":[{"href":"https:\/\/inces.gob.ve\/index.php\/wp-json\/wp\/v2\/posts"}],"about":[{"href":"https:\/\/inces.gob.ve\/index.php\/wp-json\/wp\/v2\/types\/post"}],"author":[{"embeddable":true,"href":"https:\/\/inces.gob.ve\/index.php\/wp-json\/wp\/v2\/users\/4"}],"replies":[{"embeddable":true,"href":"https:\/\/inces.gob.ve\/index.php\/wp-json\/wp\/v2\/comments?post=41426"}],"version-history":[{"count":3,"href":"https:\/\/inces.gob.ve\/index.php\/wp-json\/wp\/v2\/posts\/41426\/revisions"}],"predecessor-version":[{"id":41431,"href":"https:\/\/inces.gob.ve\/index.php\/wp-json\/wp\/v2\/posts\/41426\/revisions\/41431"}],"wp:featuredmedia":[{"embeddable":true,"href":"https:\/\/inces.gob.ve\/index.php\/wp-json\/wp\/v2\/media\/41428"}],"wp:attachment":[{"href":"https:\/\/inces.gob.ve\/index.php\/wp-json\/wp\/v2\/media?parent=41426"}],"wp:term":[{"taxonomy":"category","embeddable":true,"href":"https:\/\/inces.gob.ve\/index.php\/wp-json\/wp\/v2\/categories?post=41426"},{"taxonomy":"post_tag","embeddable":true,"href":"https:\/\/inces.gob.ve\/index.php\/wp-json\/wp\/v2\/tags?post=41426"}],"curies":[{"name":"wp","href":"https:\/\/api.w.org\/{rel}","templated":true}]}}