{"id":41432,"date":"2022-03-02T10:43:19","date_gmt":"2022-03-02T14:43:19","guid":{"rendered":"https:\/\/inces.gob.ve\/?p=41432"},"modified":"2022-03-02T10:50:57","modified_gmt":"2022-03-02T14:50:57","slug":"merida-inces-avanza-en-la-certificacion-de-maestros-y-estudiantes-del-5to-ano-de-bachillerato","status":"publish","type":"post","link":"https:\/\/inces.gob.ve\/index.php\/2022\/03\/02\/merida-inces-avanza-en-la-certificacion-de-maestros-y-estudiantes-del-5to-ano-de-bachillerato\/","title":{"rendered":"M\u00c9RIDA | Inces avanza en la certificaci\u00f3n de maestros y estudiantes del 5to a\u00f1o de bachillerato"},"content":{"rendered":"<p style=\"text-align: justify;\" align=\"justify\"><em><strong><span style=\"font-size: 14pt; font-family: georgia,palatino,serif;\">** La jornada se desarrollar\u00e1 de manera organizada iniciando por los docentes de los grupos de creaci\u00f3n, recreaci\u00f3n y producci\u00f3n por plantel y circuito tanto del sector p\u00fablico como privado<\/span><\/strong><\/em><!--more--><\/p>\n<p align=\"justify\"><span style=\"font-family: Georgia, serif;\"><span style=\"font-size: large;\">NADIA LOBO<\/span><\/span><\/p>\n<p align=\"justify\"><span style=\"font-family: Georgia, serif;\"><span style=\"font-size: large;\">Entre el Inces y el Ministerio del Poder Popular para la Educaci\u00f3n (ME), se desarrollan acciones conjuntas que permite el avance y la transformaci\u00f3n curricular, con la puesta en marcha de la certificaci\u00f3n de maestros y estudiantes del 5to. a\u00f1o de bachillerato.<\/span><\/span><\/p>\n<p align=\"justify\"><span style=\"font-family: Georgia, serif;\"><span style=\"font-size: large;\">Tal informaci\u00f3n fue aportada por el gerente regional, Geldrit Roca, quien destac\u00f3 que la instituci\u00f3n siguiendo orientaciones del presidente del Inces, Wuikelman Angel Paredes, M\u00e9rida inicia el proceso de formaci\u00f3n de formadores, dirigida o vinculada a las instituciones educativas ubicadas a lo largo y ancho de esta entidad andina.<\/span><\/span><\/p>\n<p align=\"justify\"><a name=\"m_-2196437726205135468__GoBack\"><\/a> <span style=\"font-family: Georgia, serif;\"><span style=\"font-size: large;\">En tal sentido, se sostuvo reuni\u00f3n de trabajo entre la Zona Educativa de M\u00e9rida y la coordinadora del Programa Bachillerato Productivo del Inces, Nissa Salas, donde se acord\u00f3 iniciar el proceso de certificaci\u00f3n y acreditaci\u00f3n de docentes y maestros, as\u00ed como su nivelaci\u00f3n en oficios productivos.<\/span><\/span><\/p>\n<p align=\"justify\"><span style=\"font-family: Georgia, serif;\"><span style=\"font-size: large;\">Por su parte, Solange Parra, Jefa de la modalidad de Educaci\u00f3n Media, y Miriam Pe\u00f1a como coordinadora de la modalidad de J\u00f3venes y Poblaci\u00f3n Adulta de la zona Educativa N\u00b0 14 de M\u00e9rida, trabajaran de manera coordinada con el Inces para lograr atender inicialmente a los docentes que posean perfiles productivos, relacionados con los motores priorizados tales como: salud, textil, industria, agr\u00edcola, turismo, servicios y otros.<\/span><\/span><\/p>\n","protected":false},"excerpt":{"rendered":"<p>** La jornada se desarrollar\u00e1 de manera organizada iniciando por los docentes de los grupos de creaci\u00f3n, recreaci\u00f3n y producci\u00f3n por plantel y circuito tanto del sector p\u00fablico como privado<\/p>\n","protected":false},"author":4,"featured_media":41433,"comment_status":"closed","ping_status":"closed","sticky":false,"template":"","format":"standard","meta":{"footnotes":""},"categories":[2],"tags":[],"class_list":["post-41432","post","type-post","status-publish","format-standard","has-post-thumbnail","hentry","category-blog"],"_links":{"self":[{"href":"https:\/\/inces.gob.ve\/index.php\/wp-json\/wp\/v2\/posts\/41432","targetHints":{"allow":["GET"]}}],"collection":[{"href":"https:\/\/inces.gob.ve\/index.php\/wp-json\/wp\/v2\/posts"}],"about":[{"href":"https:\/\/inces.gob.ve\/index.php\/wp-json\/wp\/v2\/types\/post"}],"author":[{"embeddable":true,"href":"https:\/\/inces.gob.ve\/index.php\/wp-json\/wp\/v2\/users\/4"}],"replies":[{"embeddable":true,"href":"https:\/\/inces.gob.ve\/index.php\/wp-json\/wp\/v2\/comments?post=41432"}],"version-history":[{"count":2,"href":"https:\/\/inces.gob.ve\/index.php\/wp-json\/wp\/v2\/posts\/41432\/revisions"}],"predecessor-version":[{"id":41435,"href":"https:\/\/inces.gob.ve\/index.php\/wp-json\/wp\/v2\/posts\/41432\/revisions\/41435"}],"wp:featuredmedia":[{"embeddable":true,"href":"https:\/\/inces.gob.ve\/index.php\/wp-json\/wp\/v2\/media\/41433"}],"wp:attachment":[{"href":"https:\/\/inces.gob.ve\/index.php\/wp-json\/wp\/v2\/media?parent=41432"}],"wp:term":[{"taxonomy":"category","embeddable":true,"href":"https:\/\/inces.gob.ve\/index.php\/wp-json\/wp\/v2\/categories?post=41432"},{"taxonomy":"post_tag","embeddable":true,"href":"https:\/\/inces.gob.ve\/index.php\/wp-json\/wp\/v2\/tags?post=41432"}],"curies":[{"name":"wp","href":"https:\/\/api.w.org\/{rel}","templated":true}]}}