{"id":41447,"date":"2022-03-02T14:19:10","date_gmt":"2022-03-02T18:19:10","guid":{"rendered":"https:\/\/inces.gob.ve\/?p=41447"},"modified":"2022-03-02T14:58:07","modified_gmt":"2022-03-02T18:58:07","slug":"aragua-feminismo-no-es-egoismo-es-integracionismo","status":"publish","type":"post","link":"https:\/\/inces.gob.ve\/index.php\/2022\/03\/02\/aragua-feminismo-no-es-egoismo-es-integracionismo\/","title":{"rendered":"ARAGUA | Feminismo no es ego\u00edsmo, es integracionismo"},"content":{"rendered":"<p align=\"justify\"><span style=\"font-family: Georgia, serif;\"><span style=\"font-size: large;\">*<em><strong>* <span style=\"color: #222222;\">La misi\u00f3n formativa de UnaMujer es un compromiso a toda prueba con el hombre y la mujer nuevos<\/span><\/strong><\/em><\/span><\/span><!--more--><\/p>\n<p align=\"justify\"><span style=\"color: #222222; font-size: 14pt;\"><span style=\"font-family: Georgia,serif;\">NINOSKA PATRIZ<\/span><\/span><\/p>\n<p align=\"justify\"><span style=\"color: #222222; font-size: 14pt;\"><span style=\"font-family: Georgia,serif;\">En continuidad con la serie de talleres que se ven\u00edan realiz\u00e1ndo desde el a\u00f1o pasado, UnaMujer retom\u00f3 la formaci\u00f3n desde los espacios Inces para todo el equipo de trabajo con la equidad y humanismo propio de la Revoluci\u00f3n Bolivariana.<\/span><\/span><\/p>\n<p align=\"justify\"><span style=\"color: #222222; font-size: 14pt;\"><span style=\"font-family: Georgia,serif;\">Al respecto, el Oliver Medina, gerente general del Inces Regi\u00f3n Aragua, expres\u00f3: \u00abComo aprendimos de nuestro Libertador: `El mejor soldado es aquel que se lanza consciente ante cada batalla` y para ello estamos aqu\u00ed, para fortalecer el empoderamiento del pueblo, de nosotros y nosotras\u201d.<\/span><\/span><\/p>\n<p align=\"justify\"><span style=\"color: #222222; font-size: 14pt;\"><span style=\"font-family: Georgia,serif;\">El taller Concepci\u00f3n del Socialismo Bolivariano Feminista y Chavista fue dictado por la profesora Johama Paredes. La facilitadora record\u00f3, a prop\u00f3sito de la Semana de la Juventud, que cada uno y cada una es tan joven como sus fuerzas le indiquen; pero, adem\u00e1s, ning\u00fan pueblo se ha hecho revolucionario por la fuerza\u201d.\u00a0<\/span><\/span><\/p>\n<p align=\"justify\"><span style=\"color: #222222; font-size: 14pt;\"><span style=\"font-family: Georgia,serif;\">Paredes afirm\u00f3 que la concepci\u00f3n feminista es de lucha por la igualdad y equidad de derechos y oportunidades, pero, para ello, hay que ser conscientes de cu\u00e1les son nuestras armas o herramientas, y la primera l\u00ednea defensiva es la educaci\u00f3n.<\/span><\/span><\/p>\n<p align=\"justify\"><img loading=\"lazy\" decoding=\"async\" class=\"aligncenter wp-image-41450 \" src=\"https:\/\/inces.gob.ve\/wp-content\/uploads\/2022\/03\/Mision-formativa-UnaMujer-2--1024x768.jpg\" alt=\"\" width=\"729\" height=\"547\" srcset=\"https:\/\/inces.gob.ve\/wp-content\/uploads\/2022\/03\/Mision-formativa-UnaMujer-2--1024x768.jpg 1024w, https:\/\/inces.gob.ve\/wp-content\/uploads\/2022\/03\/Mision-formativa-UnaMujer-2--300x225.jpg 300w, https:\/\/inces.gob.ve\/wp-content\/uploads\/2022\/03\/Mision-formativa-UnaMujer-2--768x576.jpg 768w, https:\/\/inces.gob.ve\/wp-content\/uploads\/2022\/03\/Mision-formativa-UnaMujer-2--136x102.jpg 136w, https:\/\/inces.gob.ve\/wp-content\/uploads\/2022\/03\/Mision-formativa-UnaMujer-2-.jpg 1040w\" sizes=\"auto, (max-width: 729px) 100vw, 729px\" \/><\/p>\n<p align=\"justify\"><span style=\"color: #222222; font-size: 14pt;\"><span style=\"font-family: Georgia,serif;\">La profesora Johama explic\u00f3 que se han logrado muchos avances. En este aspecto tambi\u00e9n resalt\u00f3 la importancia del apoyo de los j\u00f3venes que se forjaron al calor de nuestras luchas. Los mismos que hoy por hoy, son maestros y maestras que siguen dando los pasos correspondientes para erradicar la violencia, sembrar ideales con elevados valores, de tolerancia, amor, libertad y anhelos de justicia.<\/span><\/span><\/p>\n<p align=\"justify\"><span style=\"color: #222222; font-size: 14pt;\"><span style=\"font-family: Georgia,serif;\">Vale decir que de nosotros depende visibilizar todo lo alcanzado, siendo hijos e hijas de una nueva cultura pol\u00edtica, de participaci\u00f3n protag\u00f3nica y no protagonismo salvaje a juicio personal.<\/span><\/span><\/p>\n<p align=\"justify\"><span style=\"color: #222222; font-size: 14pt;\"><span style=\"font-family: Georgia,serif;\">\u00abSigamos siendo milagro diario que escribe con hechos de fe y esperanza sus propias p\u00e1ginas de noble y merecida gloria para la patria y el mundo\u00bb, coment\u00f3 Yelitza Rodr\u00edguez para cerrar.<\/span><\/span><\/p>\n","protected":false},"excerpt":{"rendered":"<p>** La misi\u00f3n formativa de UnaMujer es un compromiso a toda prueba con el hombre y la mujer nuevos<\/p>\n","protected":false},"author":4,"featured_media":41448,"comment_status":"closed","ping_status":"closed","sticky":false,"template":"","format":"standard","meta":{"footnotes":""},"categories":[2],"tags":[],"class_list":["post-41447","post","type-post","status-publish","format-standard","has-post-thumbnail","hentry","category-blog"],"_links":{"self":[{"href":"https:\/\/inces.gob.ve\/index.php\/wp-json\/wp\/v2\/posts\/41447","targetHints":{"allow":["GET"]}}],"collection":[{"href":"https:\/\/inces.gob.ve\/index.php\/wp-json\/wp\/v2\/posts"}],"about":[{"href":"https:\/\/inces.gob.ve\/index.php\/wp-json\/wp\/v2\/types\/post"}],"author":[{"embeddable":true,"href":"https:\/\/inces.gob.ve\/index.php\/wp-json\/wp\/v2\/users\/4"}],"replies":[{"embeddable":true,"href":"https:\/\/inces.gob.ve\/index.php\/wp-json\/wp\/v2\/comments?post=41447"}],"version-history":[{"count":1,"href":"https:\/\/inces.gob.ve\/index.php\/wp-json\/wp\/v2\/posts\/41447\/revisions"}],"predecessor-version":[{"id":41451,"href":"https:\/\/inces.gob.ve\/index.php\/wp-json\/wp\/v2\/posts\/41447\/revisions\/41451"}],"wp:featuredmedia":[{"embeddable":true,"href":"https:\/\/inces.gob.ve\/index.php\/wp-json\/wp\/v2\/media\/41448"}],"wp:attachment":[{"href":"https:\/\/inces.gob.ve\/index.php\/wp-json\/wp\/v2\/media?parent=41447"}],"wp:term":[{"taxonomy":"category","embeddable":true,"href":"https:\/\/inces.gob.ve\/index.php\/wp-json\/wp\/v2\/categories?post=41447"},{"taxonomy":"post_tag","embeddable":true,"href":"https:\/\/inces.gob.ve\/index.php\/wp-json\/wp\/v2\/tags?post=41447"}],"curies":[{"name":"wp","href":"https:\/\/api.w.org\/{rel}","templated":true}]}}