{"id":41478,"date":"2022-03-04T08:39:06","date_gmt":"2022-03-04T12:39:06","guid":{"rendered":"https:\/\/inces.gob.ve\/?p=41478"},"modified":"2022-03-04T08:39:06","modified_gmt":"2022-03-04T12:39:06","slug":"amazonas-inces-realiza-mesa-de-trabajo-con-zona-educativa","status":"publish","type":"post","link":"https:\/\/inces.gob.ve\/index.php\/2022\/03\/04\/amazonas-inces-realiza-mesa-de-trabajo-con-zona-educativa\/","title":{"rendered":"AMAZONAS | Inces realiza mesa de trabajo con zona educativa"},"content":{"rendered":"<p style=\"text-align: justify;\"><strong><em><span style=\"font-size: 14pt;\">** La articulaci\u00f3n con el Ministerio de Educaci\u00f3n es parte de la pol\u00edtica de la instituci\u00f3n<\/span><\/em><\/strong><!--more--><\/p>\n<p>&nbsp;<\/p>\n<p style=\"text-align: justify;\"><span style=\"font-size: 14pt;\"><strong>F\u00c9LIX RUIZ<\/strong><\/span><\/p>\n<p style=\"text-align: justify;\"><span style=\"font-size: 14pt;\">Seguimos enfocados en la formaci\u00f3n de nuestros j\u00f3venes, para ello, el Inces asisti\u00f3 a una mesa con la zona Educativa. La jornada cont\u00f3 con la participaci\u00f3n de directivos de la zona educativa del estado Amazonas y la participaci\u00f3n de la gerente regional, Adriana Medina y del jefe de Formaci\u00f3n Profesional del Inces regional.<\/span><\/p>\n<p style=\"text-align: justify;\">\n<p style=\"text-align: justify;\"><span style=\"font-size: 14pt;\">La mesa se realiz\u00f3 en aras de potenciar y crear estrategias para abordar la ruta de certificaci\u00f3n de perfiles productivos, con el objetivo principal de atender todos y cada uno de los colegios priorizados, expres\u00f3 la gerente del Inces Amazonas; esto como parte de plan estrat\u00e9gico que el Inces desarrolla para impulsar la formaci\u00f3n t\u00e9cnica y profesional en el pa\u00eds.<\/span><\/p>\n<p style=\"text-align: justify;\">\n<p style=\"text-align: justify;\"><span style=\"font-size: 14pt;\">Dicha actividad \u00a0fue realizada en el centro de formaci\u00f3n socialista Casique Aurimare, ubicado en la Urb. Monse\u00f1or Segundo Garc\u00eda, de la ciudad de Puerto Ayacucho.<\/span><\/p>\n<p style=\"text-align: justify;\">\n","protected":false},"excerpt":{"rendered":"<p>** La articulaci\u00f3n con el Ministerio de Educaci\u00f3n es parte de la pol\u00edtica de la instituci\u00f3n<\/p>\n","protected":false},"author":4,"featured_media":41479,"comment_status":"closed","ping_status":"closed","sticky":false,"template":"","format":"standard","meta":{"footnotes":""},"categories":[2],"tags":[],"class_list":["post-41478","post","type-post","status-publish","format-standard","has-post-thumbnail","hentry","category-blog"],"_links":{"self":[{"href":"https:\/\/inces.gob.ve\/index.php\/wp-json\/wp\/v2\/posts\/41478","targetHints":{"allow":["GET"]}}],"collection":[{"href":"https:\/\/inces.gob.ve\/index.php\/wp-json\/wp\/v2\/posts"}],"about":[{"href":"https:\/\/inces.gob.ve\/index.php\/wp-json\/wp\/v2\/types\/post"}],"author":[{"embeddable":true,"href":"https:\/\/inces.gob.ve\/index.php\/wp-json\/wp\/v2\/users\/4"}],"replies":[{"embeddable":true,"href":"https:\/\/inces.gob.ve\/index.php\/wp-json\/wp\/v2\/comments?post=41478"}],"version-history":[{"count":1,"href":"https:\/\/inces.gob.ve\/index.php\/wp-json\/wp\/v2\/posts\/41478\/revisions"}],"predecessor-version":[{"id":41480,"href":"https:\/\/inces.gob.ve\/index.php\/wp-json\/wp\/v2\/posts\/41478\/revisions\/41480"}],"wp:featuredmedia":[{"embeddable":true,"href":"https:\/\/inces.gob.ve\/index.php\/wp-json\/wp\/v2\/media\/41479"}],"wp:attachment":[{"href":"https:\/\/inces.gob.ve\/index.php\/wp-json\/wp\/v2\/media?parent=41478"}],"wp:term":[{"taxonomy":"category","embeddable":true,"href":"https:\/\/inces.gob.ve\/index.php\/wp-json\/wp\/v2\/categories?post=41478"},{"taxonomy":"post_tag","embeddable":true,"href":"https:\/\/inces.gob.ve\/index.php\/wp-json\/wp\/v2\/tags?post=41478"}],"curies":[{"name":"wp","href":"https:\/\/api.w.org\/{rel}","templated":true}]}}