{"id":41495,"date":"2022-02-22T01:23:37","date_gmt":"2022-02-22T05:23:37","guid":{"rendered":"https:\/\/inces.gob.ve\/?p=41495"},"modified":"2022-03-04T15:27:06","modified_gmt":"2022-03-04T19:27:06","slug":"aragua-inces-estuvo-presente-en-el-1er-encuentro-de-coordinadores-municipales-de-turismo","status":"publish","type":"post","link":"https:\/\/inces.gob.ve\/index.php\/2022\/02\/22\/aragua-inces-estuvo-presente-en-el-1er-encuentro-de-coordinadores-municipales-de-turismo\/","title":{"rendered":"ARAGUA |  Inces\u00a0 estuvo presente en el 1er Encuentro de Coordinadores Municipales de Turismo"},"content":{"rendered":"<p><b><span style=\"font-family: impact, sans-serif;\">**\u00a0 <\/span>Inces Turismo art\u00edculo alianzas formativas entre la Secretar\u00eda para el desarrollo econ\u00f3mico y Turismo del Gobierno Bolivariano del Estado<\/b><!--more--><\/p>\n<p>&nbsp;<\/p>\n<p><b>Ninoska Patriz\u00a0<\/b><\/p>\n<p><b>Con la satisfacci\u00f3n del establecimiento de \u00a0acuerdos para formar y acreditar\u00a0<\/b>a las comunidades en general, el Inces Regi\u00f3n Aragua sigue adelante apoyando el crecimiento econ\u00f3mico de la naci\u00f3n.<\/p>\n<p>\u00abLas mesas de trabajo iniciar\u00e1n la pr\u00f3xima semana, donde cada coordinador mostrar\u00e1 las debilidades y fortalezas de su municipio\u00bb, seg\u00fan nos coment\u00f3 la Prof Yindred Fuentes, Jefa del Centro de Formaci\u00f3n Socialista Programa Turismo.<\/p>\n<p>Del mismo modo, expres\u00f3 que cada coordinador municipal deber\u00e1 realizar un sondeo\u00a0<b>para determinar las debilidades de nivel \u00a0tur\u00edstico, en funci\u00f3n de brindar soluciones pr\u00e1cticas para avanzar y reforzarlas.<\/b><\/p>\n<p><b><br \/>\n<\/b><br \/>\nEl evento se llev\u00f3 a cabo, desde las instalaciones del Hotel Micotti, Sal\u00f3n Roraima desde las 9:00 am, hasta bien entrada la tarde.<\/p>\n<p>La ocasi\u00f3n fue una grata oportunidad entre los presentes para conocerse y reconocerse entre s\u00ed,\u00a0<b>a fin de impartir, l\u00edneas estrat\u00e9gicas y empezar a realizar mesas de trabajo.<\/b><\/p>\n<p><b>Con esto se persigue fomentar e impulsar el turismo<\/b>\u00a0en cada municipio y de la mano con Inces Turismo al tiempo que se inician las Formaciones, \u00a0capacitaciones, acreditaciones y orientaciones respectivas a los prestadores de servicio.<\/p>\n<p>Entre los presentes\u00a0<b>se destac\u00f3 la asistencia de la Gobernadora, Karina Carpio, la Lic. Maritza Mendoza Secretaria de Desarrollo Econ\u00f3mico y Turismo,<\/b>\u00a0por INATUR, el Director de Turismo de la Gobernaci\u00f3n del Estado, Jos\u00e9 Blanco y todos los Coordinadores Municipales de Turismo<\/p>\n<div><\/div>\n","protected":false},"excerpt":{"rendered":"<p>**\u00a0 Inces Turismo art\u00edculo alianzas formativas entre la Secretar\u00eda para el desarrollo econ\u00f3mico y Turismo del Gobierno Bolivariano del Estado<\/p>\n","protected":false},"author":4,"featured_media":41496,"comment_status":"closed","ping_status":"closed","sticky":false,"template":"","format":"standard","meta":{"footnotes":""},"categories":[2],"tags":[],"class_list":["post-41495","post","type-post","status-publish","format-standard","has-post-thumbnail","hentry","category-blog"],"_links":{"self":[{"href":"https:\/\/inces.gob.ve\/index.php\/wp-json\/wp\/v2\/posts\/41495","targetHints":{"allow":["GET"]}}],"collection":[{"href":"https:\/\/inces.gob.ve\/index.php\/wp-json\/wp\/v2\/posts"}],"about":[{"href":"https:\/\/inces.gob.ve\/index.php\/wp-json\/wp\/v2\/types\/post"}],"author":[{"embeddable":true,"href":"https:\/\/inces.gob.ve\/index.php\/wp-json\/wp\/v2\/users\/4"}],"replies":[{"embeddable":true,"href":"https:\/\/inces.gob.ve\/index.php\/wp-json\/wp\/v2\/comments?post=41495"}],"version-history":[{"count":2,"href":"https:\/\/inces.gob.ve\/index.php\/wp-json\/wp\/v2\/posts\/41495\/revisions"}],"predecessor-version":[{"id":41498,"href":"https:\/\/inces.gob.ve\/index.php\/wp-json\/wp\/v2\/posts\/41495\/revisions\/41498"}],"wp:featuredmedia":[{"embeddable":true,"href":"https:\/\/inces.gob.ve\/index.php\/wp-json\/wp\/v2\/media\/41496"}],"wp:attachment":[{"href":"https:\/\/inces.gob.ve\/index.php\/wp-json\/wp\/v2\/media?parent=41495"}],"wp:term":[{"taxonomy":"category","embeddable":true,"href":"https:\/\/inces.gob.ve\/index.php\/wp-json\/wp\/v2\/categories?post=41495"},{"taxonomy":"post_tag","embeddable":true,"href":"https:\/\/inces.gob.ve\/index.php\/wp-json\/wp\/v2\/tags?post=41495"}],"curies":[{"name":"wp","href":"https:\/\/api.w.org\/{rel}","templated":true}]}}