{"id":41531,"date":"2022-03-08T09:55:53","date_gmt":"2022-03-08T13:55:53","guid":{"rendered":"https:\/\/inces.gob.ve\/?p=41531"},"modified":"2022-03-08T09:55:53","modified_gmt":"2022-03-08T13:55:53","slug":"inces-participo-en-el-encuentro-de-historia-insurgente-en-el-estado-guarico","status":"publish","type":"post","link":"https:\/\/inces.gob.ve\/index.php\/2022\/03\/08\/inces-participo-en-el-encuentro-de-historia-insurgente-en-el-estado-guarico\/","title":{"rendered":"Inces particip\u00f3 en el Encuentro de Historia Insurgente en el estado Gu\u00e1rico"},"content":{"rendered":"<p align=\"justify\">\n<p align=\"justify\"><span style=\"font-family: Arial, sans-serif;\"><span style=\"font-size: medium;\"><b>**\u00a0<i>La Red de Historia, Memoria y Patrimonio del estado Gu\u00e1rico culmina con \u00e9xito el primer\u00a0<\/i><i>E<\/i><i>ncuentro de\u00a0<\/i><i>H<\/i><i>istoria\u00a0<\/i><i>I<\/i><i>nsurgente en la ciudad de Calabozo, donde el Inces particip\u00f3 en calidad de organizador y ponente, en miras de reconstruir nuestra historia<\/i><\/b><\/span><\/span><!--more--><\/p>\n<p align=\"justify\">\n<p align=\"justify\">\n<p align=\"justify\"><span style=\"font-family: Arial, sans-serif;\"><span style=\"font-size: medium;\"><b>GU\u00c1RICO | MAR\u00cdA SANTIAGO<\/b><\/span><\/span><\/p>\n<p align=\"justify\"><span style=\"font-family: Arial, sans-serif;\"><span style=\"font-size: medium;\">El estado Bolivariano de Gu\u00e1rico abri\u00f3 sus puertas al Encuentro de Historia Insurgente, cap\u00edtulo Gu\u00e1rico, realizado por la Red de Historia Memoria y Patrimonio (RHMYP) en articulaci\u00f3n con el Inces, el centro de estudios Sim\u00f3n Bol\u00edvar y el Centro Nacional de Historia.<\/span><\/span><\/p>\n<p align=\"justify\">\n<p align=\"justify\"><span style=\"font-family: Arial, sans-serif;\"><span style=\"font-size: medium;\">La jornada inici\u00f3 con la instalaci\u00f3n a cargo de la gerente regional del Inces; Mar\u00eda Arisela Medina, coordinadora de la Red de Historia, Memoria y Patrimonio en el estado, quien agradeci\u00f3 la participaci\u00f3n de los ponentes y de todas las personas que se sumaron a la actividad.<\/span><\/span><\/p>\n<p align=\"justify\">\n<p align=\"justify\"><span style=\"font-family: Arial, sans-serif;\"><span style=\"font-size: medium;\">Los ponentes presentaron sus disertaciones sobre el significado de la historia insurgente y como antes de la colonizaci\u00f3n ese esp\u00edritu luchador y rebelde reca\u00eda en los ancestros ind\u00edgenas, afrodescendientes y campesinos de la regi\u00f3n. Se profundiz\u00f3 el tema de la historia hospitalaria y de salud p\u00fablica en Calabozo, llegando a la transformaci\u00f3n de la historia narrativa a una historia cr\u00edtica en la que cada individuo forme su propia visi\u00f3n de la historia debidamente respaldada por los registros hist\u00f3ricos de la naci\u00f3n.<\/span><\/span><\/p>\n<p align=\"justify\">\n<p align=\"justify\"><span style=\"font-family: Arial, sans-serif;\"><span style=\"font-size: medium;\">La jefa del Centro de Formaci\u00f3n Socialista de Calabozo, Loida Meza; expres\u00f3 sentirse satisfecha con el resultado de la actividad y que esperan seguir realizando estos encuentros en los pr\u00f3ximos meses. \u201cEstos intercambios de conocimientos hist\u00f3ricos son necesarios para que el pueblo mismo sea quien reconozca la realidad y contin\u00fae desarrollando esa historia\u201d.<\/span><\/span><\/p>\n<p align=\"justify\">\n<p align=\"justify\"><span style=\"font-family: Arial, sans-serif;\"><span style=\"font-size: medium;\">Todas estas actividades est\u00e1n enmarcadas en el contexto del 16vo congreso nacional y 3er congreso internacional de historia, el cual se llevar\u00e1 a cabo en la ciudad de La Guaira los d\u00edas 6, 7 y 8 de abril del presente a\u00f1o, donde el Inces tendr\u00e1 presencia activa.<\/span><\/span><\/p>\n","protected":false},"excerpt":{"rendered":"<p>**\u00a0La Red de Historia, Memoria y Patrimonio del estado Gu\u00e1rico culmina con \u00e9xito el primer\u00a0Encuentro de\u00a0Historia\u00a0Insurgente en la ciudad de Calabozo, donde el Inces particip\u00f3 en calidad de organizador y ponente, en miras de reconstruir nuestra historia<\/p>\n","protected":false},"author":4,"featured_media":41532,"comment_status":"closed","ping_status":"closed","sticky":false,"template":"","format":"standard","meta":{"footnotes":""},"categories":[2],"tags":[],"class_list":["post-41531","post","type-post","status-publish","format-standard","has-post-thumbnail","hentry","category-blog"],"_links":{"self":[{"href":"https:\/\/inces.gob.ve\/index.php\/wp-json\/wp\/v2\/posts\/41531","targetHints":{"allow":["GET"]}}],"collection":[{"href":"https:\/\/inces.gob.ve\/index.php\/wp-json\/wp\/v2\/posts"}],"about":[{"href":"https:\/\/inces.gob.ve\/index.php\/wp-json\/wp\/v2\/types\/post"}],"author":[{"embeddable":true,"href":"https:\/\/inces.gob.ve\/index.php\/wp-json\/wp\/v2\/users\/4"}],"replies":[{"embeddable":true,"href":"https:\/\/inces.gob.ve\/index.php\/wp-json\/wp\/v2\/comments?post=41531"}],"version-history":[{"count":1,"href":"https:\/\/inces.gob.ve\/index.php\/wp-json\/wp\/v2\/posts\/41531\/revisions"}],"predecessor-version":[{"id":41533,"href":"https:\/\/inces.gob.ve\/index.php\/wp-json\/wp\/v2\/posts\/41531\/revisions\/41533"}],"wp:featuredmedia":[{"embeddable":true,"href":"https:\/\/inces.gob.ve\/index.php\/wp-json\/wp\/v2\/media\/41532"}],"wp:attachment":[{"href":"https:\/\/inces.gob.ve\/index.php\/wp-json\/wp\/v2\/media?parent=41531"}],"wp:term":[{"taxonomy":"category","embeddable":true,"href":"https:\/\/inces.gob.ve\/index.php\/wp-json\/wp\/v2\/categories?post=41531"},{"taxonomy":"post_tag","embeddable":true,"href":"https:\/\/inces.gob.ve\/index.php\/wp-json\/wp\/v2\/tags?post=41531"}],"curies":[{"name":"wp","href":"https:\/\/api.w.org\/{rel}","templated":true}]}}