{"id":41552,"date":"2022-03-08T12:14:21","date_gmt":"2022-03-08T16:14:21","guid":{"rendered":"https:\/\/inces.gob.ve\/?p=41552"},"modified":"2022-03-08T12:14:47","modified_gmt":"2022-03-08T16:14:47","slug":"aragua-en-reunion-especial-el-ceet-maracay-se-mostro-activo-con-el-plan-de-formacion-para-los-cptt","status":"publish","type":"post","link":"https:\/\/inces.gob.ve\/index.php\/2022\/03\/08\/aragua-en-reunion-especial-el-ceet-maracay-se-mostro-activo-con-el-plan-de-formacion-para-los-cptt\/","title":{"rendered":"Aragua | En reuni\u00f3n especial el CEET Maracay se mostr\u00f3 activo con el plan de formaci\u00f3n para los CPTT"},"content":{"rendered":"<p align=\"left\"><span style=\"font-family: Georgia, serif;\"><span style=\"font-size: large;\"><span style=\"color: #222222;\"><span lang=\"es-MX\"><i><b>** Desde el Inces Aragua se impulsa la formaci\u00f3n y autoformaci\u00f3n integral continua y permanente de los trabajadores.<\/b><\/i><\/span><\/span><span style=\"color: #222222;\"><span lang=\"es-MX\"><b><br \/>\n<\/b><\/span><\/span><\/span><\/span><br \/>\n<!--more--><\/p>\n<p align=\"justify\"><span style=\"font-family: Georgia, serif;\"><span style=\"font-size: large;\"><span style=\"color: #222222;\"><span lang=\"es-MX\"><b><br \/>\nNINOSKA PATRIZ <\/b><\/span><\/span><\/span><\/span><\/p>\n<p>El <span style=\"color: #444444;\"><span lang=\"es-MX\">Centros de Encuentros de Educaci\u00f3n de Trabajadores (CEET)<\/span><\/span> <span style=\"color: #222222;\"><span lang=\"es-MX\">Maracay estuvo nuevamente reunido con el personal del Inces, junto a los Ingenieros Oliver Medina y Rebeca Carpio, junto a su equipo de facilitadores, en funci\u00f3n de apoyar el <\/span><\/span><b>desarrollo econ\u00f3mico mediante el aprovechamiento de las oportunidades de aprendizaje para superar los problemas y necesidades formativas.<\/b><\/p>\n<p>La coordinadora de Formaci\u00f3n Delegada en Empresas, ingeniero Rebeca Carpio, coment\u00f3: \u201cEl prop\u00f3sito de esta reuni\u00f3n es planificar las formaciones en beneficio de los trabajadores desde la amplitud de los motores productivos promocionados por el Ejecutivo Nacional, de acuerdo a los lineamientos del presidente Nicol\u00e1s Maduro\u201d.<\/p>\n<p>Durante la reuni\u00f3n, Carpio resalt\u00f3 la importancia del Bachillerato Productivo, as\u00ed como la Acreditaci\u00f3n de <span style=\"color: #222222;\"><span lang=\"es-MX\"><b>Saberes Inces como punta de lanza en el encuentro<\/b><\/span><\/span><span style=\"color: #222222;\"><span lang=\"es-MX\">. \u201cCada enlace es un esfuerzo que se realiza para propiciar el aumento de conocimientos productivos en nuestra masa productiva arag\u00fce\u00f1a.<\/span><\/span><\/p>\n<p>Del mismo modo, estuvo presente, la profesora Lucinda Hern\u00e1ndez de la Universidad Sim\u00f3n Rodr\u00edguez, junto a la compa\u00f1era del CEET Liliana Fonseca,\u00a0<span style=\"color: #222222;\"><span lang=\"es-MX\"><b>con el objetivo de revisar contenidos y armar cronograma de actividades para el Plan de Formaci\u00f3n de los Voceros y Voceras de los Consejos Productivos de Trabajadores y Trabajadoras (<\/b><\/span><\/span><span style=\"color: #222222;\"><span lang=\"es-MX\">CPTT) que se dictar\u00e1 en las instalaciones del Inces<\/span><\/span><\/p>\n<p>\u201cSolo el conocimiento y su pr\u00e1ctica puede llevarnos a todos a la autorrealizaci\u00f3n y al <span style=\"color: #222222;\"><span lang=\"es-MX\"><b>desarrollo sostenido de la autosustentabilidad productiva, <\/b><\/span><\/span><span style=\"color: #222222;\"><span lang=\"es-MX\">teniendo siempre presente los m\u00e1s altos valores humanistas de nuestra revoluci\u00f3n Bolivariana\u201d, finaliz\u00f3 Oliver Medina.<\/span><\/span><\/p>\n","protected":false},"excerpt":{"rendered":"<p>** Desde el Inces Aragua se impulsa la formaci\u00f3n y autoformaci\u00f3n integral continua y permanente de los trabajadores.<\/p>\n","protected":false},"author":4,"featured_media":41553,"comment_status":"closed","ping_status":"closed","sticky":false,"template":"","format":"standard","meta":{"footnotes":""},"categories":[2],"tags":[],"class_list":["post-41552","post","type-post","status-publish","format-standard","has-post-thumbnail","hentry","category-blog"],"_links":{"self":[{"href":"https:\/\/inces.gob.ve\/index.php\/wp-json\/wp\/v2\/posts\/41552","targetHints":{"allow":["GET"]}}],"collection":[{"href":"https:\/\/inces.gob.ve\/index.php\/wp-json\/wp\/v2\/posts"}],"about":[{"href":"https:\/\/inces.gob.ve\/index.php\/wp-json\/wp\/v2\/types\/post"}],"author":[{"embeddable":true,"href":"https:\/\/inces.gob.ve\/index.php\/wp-json\/wp\/v2\/users\/4"}],"replies":[{"embeddable":true,"href":"https:\/\/inces.gob.ve\/index.php\/wp-json\/wp\/v2\/comments?post=41552"}],"version-history":[{"count":2,"href":"https:\/\/inces.gob.ve\/index.php\/wp-json\/wp\/v2\/posts\/41552\/revisions"}],"predecessor-version":[{"id":41555,"href":"https:\/\/inces.gob.ve\/index.php\/wp-json\/wp\/v2\/posts\/41552\/revisions\/41555"}],"wp:featuredmedia":[{"embeddable":true,"href":"https:\/\/inces.gob.ve\/index.php\/wp-json\/wp\/v2\/media\/41553"}],"wp:attachment":[{"href":"https:\/\/inces.gob.ve\/index.php\/wp-json\/wp\/v2\/media?parent=41552"}],"wp:term":[{"taxonomy":"category","embeddable":true,"href":"https:\/\/inces.gob.ve\/index.php\/wp-json\/wp\/v2\/categories?post=41552"},{"taxonomy":"post_tag","embeddable":true,"href":"https:\/\/inces.gob.ve\/index.php\/wp-json\/wp\/v2\/tags?post=41552"}],"curies":[{"name":"wp","href":"https:\/\/api.w.org\/{rel}","templated":true}]}}