{"id":41564,"date":"2022-03-09T16:07:12","date_gmt":"2022-03-09T20:07:12","guid":{"rendered":"https:\/\/inces.gob.ve\/?p=41564"},"modified":"2022-03-09T16:11:30","modified_gmt":"2022-03-09T20:11:30","slug":"cojedes-el-inces-articula-acciones-con-la-policia-estadal-para-la-formacion-de-los-privados-de-libertad","status":"publish","type":"post","link":"https:\/\/inces.gob.ve\/index.php\/2022\/03\/09\/cojedes-el-inces-articula-acciones-con-la-policia-estadal-para-la-formacion-de-los-privados-de-libertad\/","title":{"rendered":"COJEDES | El Inces articula acciones con la polic\u00eda estadal para la formaci\u00f3n de los privados de libertad"},"content":{"rendered":"<p><span style=\"color: #000000;\"><span style=\"font-family: Georgia, serif;\"><span style=\"font-size: large;\"><i><b>** Formar a los venezolanos en todos los espacios donde sea posible es parte de las estrategias que aplica el Inces este 2022<\/b><\/i><\/span><\/span><\/span><\/p>\n<p><!--more--><\/p>\n<p>&nbsp;<\/p>\n<p><span style=\"color: #000000;\"><span style=\"font-family: Georgia, serif;\"><span style=\"font-size: large;\">La Gerencia Regional del Inces Cojedes asisti\u00f3 a una reuni\u00f3n con el Comando General de Polic\u00eda de esa entidad con el objetico de articular acciones que permitan dar inicio al Programa Luisa C\u00e1ceres de Arismendi. <\/span><\/span><\/span><\/p>\n<p><span style=\"color: #000000;\"><span style=\"font-family: Georgia, serif;\"><span style=\"font-size: large;\">Esta acci\u00f3n forma parte de las orientaciones nacionales para atender a los Centros Penitenciarios y a los privados de libertad, para juntos lograr la humanizaci\u00f3n del servicio penitenciario.<\/span><\/span><\/span><\/p>\n<p><span style=\"color: #000000;\"><span style=\"font-family: Georgia, serif;\"><span style=\"font-size: large;\">Se espera en los pr\u00f3ximos d\u00edas atender a esta poblaci\u00f3n vulnerable a fin de brindarle herramientas que le permitan incorporarse al aparato productivo nacional.<\/span><\/span><\/span><\/p>\n<p>&nbsp;<\/p>\n<p>&nbsp;<\/p>\n","protected":false},"excerpt":{"rendered":"<p>** Formar a los venezolanos en todos los espacios donde sea posible es parte de las estrategias que aplica el Inces este 2022<\/p>\n","protected":false},"author":4,"featured_media":41565,"comment_status":"closed","ping_status":"closed","sticky":false,"template":"","format":"standard","meta":{"footnotes":""},"categories":[2],"tags":[],"class_list":["post-41564","post","type-post","status-publish","format-standard","has-post-thumbnail","hentry","category-blog"],"_links":{"self":[{"href":"https:\/\/inces.gob.ve\/index.php\/wp-json\/wp\/v2\/posts\/41564","targetHints":{"allow":["GET"]}}],"collection":[{"href":"https:\/\/inces.gob.ve\/index.php\/wp-json\/wp\/v2\/posts"}],"about":[{"href":"https:\/\/inces.gob.ve\/index.php\/wp-json\/wp\/v2\/types\/post"}],"author":[{"embeddable":true,"href":"https:\/\/inces.gob.ve\/index.php\/wp-json\/wp\/v2\/users\/4"}],"replies":[{"embeddable":true,"href":"https:\/\/inces.gob.ve\/index.php\/wp-json\/wp\/v2\/comments?post=41564"}],"version-history":[{"count":3,"href":"https:\/\/inces.gob.ve\/index.php\/wp-json\/wp\/v2\/posts\/41564\/revisions"}],"predecessor-version":[{"id":41568,"href":"https:\/\/inces.gob.ve\/index.php\/wp-json\/wp\/v2\/posts\/41564\/revisions\/41568"}],"wp:featuredmedia":[{"embeddable":true,"href":"https:\/\/inces.gob.ve\/index.php\/wp-json\/wp\/v2\/media\/41565"}],"wp:attachment":[{"href":"https:\/\/inces.gob.ve\/index.php\/wp-json\/wp\/v2\/media?parent=41564"}],"wp:term":[{"taxonomy":"category","embeddable":true,"href":"https:\/\/inces.gob.ve\/index.php\/wp-json\/wp\/v2\/categories?post=41564"},{"taxonomy":"post_tag","embeddable":true,"href":"https:\/\/inces.gob.ve\/index.php\/wp-json\/wp\/v2\/tags?post=41564"}],"curies":[{"name":"wp","href":"https:\/\/api.w.org\/{rel}","templated":true}]}}