{"id":41576,"date":"2022-03-09T16:23:52","date_gmt":"2022-03-09T20:23:52","guid":{"rendered":"https:\/\/inces.gob.ve\/?p=41576"},"modified":"2022-03-09T16:26:16","modified_gmt":"2022-03-09T20:26:16","slug":"yaracauy-continuan-abiertas-las-inscripciones-para-estudios-de-bachillerato","status":"publish","type":"post","link":"https:\/\/inces.gob.ve\/index.php\/2022\/03\/09\/yaracauy-continuan-abiertas-las-inscripciones-para-estudios-de-bachillerato\/","title":{"rendered":"YARACAUY\u00a0| Contin\u00faan abiertas las inscripciones para estudios de bachillerato"},"content":{"rendered":"<p style=\"text-align: justify;\" align=\"justify\"><span style=\"color: #222222; font-size: 14pt;\"><span style=\"font-family: Georgia,serif;\"><i>** Los interesados deben dirigirse a la sede del CFSI \u201cSan Felipe El Fuerte\u201d, ubicado en la avenida La Paz, frente al Severiano Gim\u00e9nez<\/i><\/span><\/span><!--more--><\/p>\n<p style=\"text-align: justify;\" align=\"justify\"><span style=\"color: #222222; font-size: 14pt;\"><span style=\"font-family: Georgia,serif;\">YOLAICE VARGAS<\/span><\/span><\/p>\n<p style=\"text-align: justify;\" align=\"justify\"><span style=\"color: #222222; font-size: 14pt;\"><span style=\"font-family: Georgia,serif;\">Hasta el pr\u00f3ximo 13 de marzo estar\u00e1 abierto el proceso de inscripci\u00f3n para cursar estudios de bachillerato y obtener el t\u00edtulo como Bachiller Productivo,\u00a0\u00a0a trav\u00e9s del Instituto Nacional de Capacitaci\u00f3n y Educaci\u00f3n Socialista (Inces) Yaracuy.<\/span><\/span><\/p>\n<p style=\"text-align: justify;\" align=\"justify\"><span style=\"color: #222222; font-size: 14pt;\"><span style=\"font-family: Georgia,serif;\">El gerente regional del Inces Yaracuy, Dalvi Torrealba, inform\u00f3 que los interesados deben acudir a la sede del Centro de Formaci\u00f3n Socialista Industrial \u201cSan Felipe El Fuerte\u201d, en horario de lunes a viernes de 8:30 a 11:30 de la ma\u00f1ana,\u00a0\u00a0con los siguientes requisitos: original y copia de la partida de nacimiento del estudiante, dos copias de c\u00e9dula de identidad, dos fotos tipo carnet, certificaci\u00f3n de culminaci\u00f3n del sexto grado, notas del \u00faltimo a\u00f1o aprobado.<\/span><\/span><\/p>\n<p style=\"text-align: justify;\" align=\"justify\"><span style=\"color: #222222; font-size: 14pt;\"><span style=\"font-family: Georgia,serif;\">Mencion\u00f3 que la formaci\u00f3n acad\u00e9mica va dirigida a personas mayores de 17 a\u00f1os de edad, quienes por alguna eventualidad no pudieron culminar sus estudios de bachillerato y el Inces les brinda la oportunidad de avanzar en el desarrollo profesional, destac\u00f3 que una vez culminados los trayectos y certificados como bachilleres productivos, pueden ingresar al campo laboral, puesto que tambi\u00e9n cuentan con un oficio.<\/span><\/span><\/p>\n<p style=\"text-align: justify;\" align=\"justify\"><span style=\"color: #222222; font-size: 14pt;\"><span style=\"font-family: Georgia,serif;\">Torrealba resalt\u00f3 que cumpliendo con lineamientos del Ministerio del Poder Popular para la Educaci\u00f3n la metodolog\u00eda de estudio se realizar\u00e1 de manera semipresencial, es decir un d\u00eda a la semana los estudiantes reciben asesor\u00edas y consultan dudas acerca de las diferentes c\u00e1tedras y el resto de la semana las asignaciones se har\u00e1n de manera online.<\/span><\/span><\/p>\n<p style=\"text-align: justify;\" align=\"justify\"><span style=\"color: #222222; font-size: 14pt;\"><span style=\"font-family: Georgia,serif;\">De igual modo asegur\u00f3 que la instituci\u00f3n cuenta con todas las medidas de bioseguridad, para cumplir con los protocolos y normas establecidas por la Organizaci\u00f3n Mundial de la Salud y el Ministerio del Poder Popular para la Salud.<\/span><\/span><\/p>\n<p style=\"text-align: justify;\" align=\"justify\"><span style=\"color: #222222; font-size: 14pt;\"><span style=\"font-family: Georgia,serif;\">Para finalizar exhort\u00f3 a toda la poblaci\u00f3n que a\u00fan no ha culminado sus estudios de bachillerato, sumarse al programa de formaci\u00f3n para ser parte de la construcci\u00f3n de la nueva educaci\u00f3n transformadora.<\/span><\/span><\/p>\n","protected":false},"excerpt":{"rendered":"<p>** Los interesados deben dirigirse a la sede del CFSI \u201cSan Felipe El Fuerte\u201d, ubicado en la avenida La Paz, frente al Severiano Gim\u00e9nez<\/p>\n","protected":false},"author":4,"featured_media":41577,"comment_status":"closed","ping_status":"closed","sticky":false,"template":"","format":"standard","meta":{"footnotes":""},"categories":[2],"tags":[],"class_list":["post-41576","post","type-post","status-publish","format-standard","has-post-thumbnail","hentry","category-blog"],"_links":{"self":[{"href":"https:\/\/inces.gob.ve\/index.php\/wp-json\/wp\/v2\/posts\/41576","targetHints":{"allow":["GET"]}}],"collection":[{"href":"https:\/\/inces.gob.ve\/index.php\/wp-json\/wp\/v2\/posts"}],"about":[{"href":"https:\/\/inces.gob.ve\/index.php\/wp-json\/wp\/v2\/types\/post"}],"author":[{"embeddable":true,"href":"https:\/\/inces.gob.ve\/index.php\/wp-json\/wp\/v2\/users\/4"}],"replies":[{"embeddable":true,"href":"https:\/\/inces.gob.ve\/index.php\/wp-json\/wp\/v2\/comments?post=41576"}],"version-history":[{"count":1,"href":"https:\/\/inces.gob.ve\/index.php\/wp-json\/wp\/v2\/posts\/41576\/revisions"}],"predecessor-version":[{"id":41578,"href":"https:\/\/inces.gob.ve\/index.php\/wp-json\/wp\/v2\/posts\/41576\/revisions\/41578"}],"wp:featuredmedia":[{"embeddable":true,"href":"https:\/\/inces.gob.ve\/index.php\/wp-json\/wp\/v2\/media\/41577"}],"wp:attachment":[{"href":"https:\/\/inces.gob.ve\/index.php\/wp-json\/wp\/v2\/media?parent=41576"}],"wp:term":[{"taxonomy":"category","embeddable":true,"href":"https:\/\/inces.gob.ve\/index.php\/wp-json\/wp\/v2\/categories?post=41576"},{"taxonomy":"post_tag","embeddable":true,"href":"https:\/\/inces.gob.ve\/index.php\/wp-json\/wp\/v2\/tags?post=41576"}],"curies":[{"name":"wp","href":"https:\/\/api.w.org\/{rel}","templated":true}]}}