{"id":41583,"date":"2022-03-09T16:47:04","date_gmt":"2022-03-09T20:47:04","guid":{"rendered":"https:\/\/inces.gob.ve\/?p=41583"},"modified":"2022-03-09T17:00:41","modified_gmt":"2022-03-09T21:00:41","slug":"falcon-inces-participo-en-la-expo-emprendedores-punto-fijo-202","status":"publish","type":"post","link":"https:\/\/inces.gob.ve\/index.php\/2022\/03\/09\/falcon-inces-participo-en-la-expo-emprendedores-punto-fijo-202\/","title":{"rendered":"FALC\u00d3N | Inces particip\u00f3 en la Expo Emprendedores Punto Fijo 202"},"content":{"rendered":"<p align=\"justify\"><span style=\"font-size: 14pt;\"><span style=\"color: #000000;\"><span style=\"font-family: Georgia,serif;\"><i><b>***Actividad en la que 85 expositores dieron a conocer que a trav\u00e9s del ingenio y creatividad pueden emprender productivamente<\/b><\/i><\/span><\/span><!--more--><\/span><\/p>\n<p align=\"justify\"><span style=\"color: #000000; font-size: 14pt;\"><span style=\"font-family: Georgia,serif;\"><b>MIRIAM GONZ\u00c1LEZ VILLAROEL<\/b><\/span><\/span><\/p>\n<p align=\"justify\"><span style=\"color: #000000; font-size: 14pt;\"><span style=\"font-family: Georgia,serif;\">El Instituto Nacional de Capacitaci\u00f3n y Educaci\u00f3n Socialista (Inces) en Falc\u00f3n particip\u00f3 durante el d\u00eda de ayer en la Expo Emprendedores Punto Fijo 2022 que se realiz\u00f3 en el centro comercial Sambil Paraguan\u00e1, con 13 emprendimientos que surgen de la Formaci\u00f3n T\u00e9cnica Profesional que la instituci\u00f3n ofrece a las comunidades en la Pen\u00ednsula de Paraguan\u00e1.<\/span><\/span><\/p>\n<p align=\"justify\"><span style=\"color: #000000; font-size: 14pt;\"><span style=\"font-family: Georgia,serif;\">Precis\u00f3 la gerente regional del Inces en Falc\u00f3n, Eneyda Mart\u00ednez Rodr\u00edguez, el Inces tuvo una destacada intervenci\u00f3n en el acontecimiento como expositor invitado con 13 emprendedores protagonizados por j\u00f3venes y mujeres. <img loading=\"lazy\" decoding=\"async\" class=\"aligncenter wp-image-41588 \" src=\"https:\/\/inces.gob.ve\/wp-content\/uploads\/2022\/03\/Expo-10.jpg\" alt=\"\" width=\"449\" height=\"514\" srcset=\"https:\/\/inces.gob.ve\/wp-content\/uploads\/2022\/03\/Expo-10.jpg 699w, https:\/\/inces.gob.ve\/wp-content\/uploads\/2022\/03\/Expo-10-262x300.jpg 262w, https:\/\/inces.gob.ve\/wp-content\/uploads\/2022\/03\/Expo-10-671x768.jpg 671w\" sizes=\"auto, (max-width: 449px) 100vw, 449px\" \/><\/span><\/span><\/p>\n<p align=\"justify\"><span style=\"color: #000000; font-size: 14pt;\"><span style=\"font-family: Georgia,serif;\">Resalt\u00f3 Mart\u00ednez, los j\u00f3venes y mujeres egresados de los procesos formativos y certificados por el Inces dijeron presente en la Expo Emprendedores Punto Fijo 2022, con excelentes muestras de sus emprendimientos en \u00e1reas que impulsan los motores: Textil, Agroalimentario e Industria y en su mayor\u00eda del municipio Carirubana y tres, de Santa Ana de Paraguan\u00e1.<img loading=\"lazy\" decoding=\"async\" class=\"wp-image-41587 size-full aligncenter\" src=\"https:\/\/inces.gob.ve\/wp-content\/uploads\/2022\/03\/Expo-7.jpg\" alt=\"\" width=\"800\" height=\"450\" srcset=\"https:\/\/inces.gob.ve\/wp-content\/uploads\/2022\/03\/Expo-7.jpg 800w, https:\/\/inces.gob.ve\/wp-content\/uploads\/2022\/03\/Expo-7-300x169.jpg 300w, https:\/\/inces.gob.ve\/wp-content\/uploads\/2022\/03\/Expo-7-768x432.jpg 768w\" sizes=\"auto, (max-width: 800px) 100vw, 800px\" \/><\/span><\/span><\/p>\n<p align=\"justify\"><span style=\"color: #000000; font-size: 14pt;\"><span style=\"font-family: Georgia,serif;\">Dijo la gerente, la Expo fue excelente, las muestras de los emprendedores egresados de la Formaci\u00f3n Profesional del Inces, fueron muy visitadas, logr\u00e1ndose los objetivos de promover e impulsar los emprendimientos de hombres y mujeres que acuden al Inces a formarse y a certificarse, \u201clogramos despertar desde la instituci\u00f3n la semilla de emprender\u201d. <\/span><\/span><\/p>\n<p align=\"justify\"><span style=\"color: #000000; font-size: 14pt;\"><span style=\"font-family: Georgia,serif;\">Coment\u00f3, que el Alcalde Abel Petit pr\u00f3ximamente, se reunir\u00e1 con los expositores para tratar la ubicaci\u00f3n de los emprendimientos con resultados tangibles, dentro de un espacio comercial; asimismo, el Ministerio de Comercio, har\u00e1 una reuni\u00f3n con la peque\u00f1a y mediana empresa para asesorarlos y promover un plan de formaci\u00f3n en cuanto a los aspectos administrativos, financieros y organizativos para que sean sustentables en el tiempo.<img loading=\"lazy\" decoding=\"async\" class=\"aligncenter wp-image-41586 size-full\" src=\"https:\/\/inces.gob.ve\/wp-content\/uploads\/2022\/03\/Expo-5.jpg\" alt=\"\" width=\"800\" height=\"450\" srcset=\"https:\/\/inces.gob.ve\/wp-content\/uploads\/2022\/03\/Expo-5.jpg 800w, https:\/\/inces.gob.ve\/wp-content\/uploads\/2022\/03\/Expo-5-300x169.jpg 300w, https:\/\/inces.gob.ve\/wp-content\/uploads\/2022\/03\/Expo-5-768x432.jpg 768w\" sizes=\"auto, (max-width: 800px) 100vw, 800px\" \/><\/span><\/span><\/p>\n<p align=\"justify\"><span style=\"color: #000000; font-size: 14pt;\"><span style=\"font-family: Georgia,serif;\">Finalmente, qued\u00f3 demostrado con la participaci\u00f3n del Inces, que la instituci\u00f3n cuenta con un equipo humano que trabaj\u00f3 sin descanso para visibilizar los logros alcanzados de lo que se hace con organizaci\u00f3n, compromiso y del trabajo en equipo, \u201cmi reconocimiento a nuestros expositores, y a todo el equipo de trabajo por el importante y destacado trabajo realizado en la Expo Emprendedores Punto Fijo 2022\u201d.<\/span><\/span><\/p>\n<p align=\"justify\"><img loading=\"lazy\" decoding=\"async\" class=\"aligncenter wp-image-41585 size-full\" src=\"https:\/\/inces.gob.ve\/wp-content\/uploads\/2022\/03\/Expo-4.jpg\" alt=\"\" width=\"800\" height=\"379\" srcset=\"https:\/\/inces.gob.ve\/wp-content\/uploads\/2022\/03\/Expo-4.jpg 800w, https:\/\/inces.gob.ve\/wp-content\/uploads\/2022\/03\/Expo-4-300x142.jpg 300w, https:\/\/inces.gob.ve\/wp-content\/uploads\/2022\/03\/Expo-4-768x364.jpg 768w\" sizes=\"auto, (max-width: 800px) 100vw, 800px\" \/><\/p>\n","protected":false},"excerpt":{"rendered":"<p>***Actividad en la que 85 expositores dieron a conocer que a trav\u00e9s del ingenio y creatividad pueden emprender productivamente<\/p>\n","protected":false},"author":4,"featured_media":41584,"comment_status":"closed","ping_status":"closed","sticky":false,"template":"","format":"standard","meta":{"footnotes":""},"categories":[2],"tags":[],"class_list":["post-41583","post","type-post","status-publish","format-standard","has-post-thumbnail","hentry","category-blog"],"_links":{"self":[{"href":"https:\/\/inces.gob.ve\/index.php\/wp-json\/wp\/v2\/posts\/41583","targetHints":{"allow":["GET"]}}],"collection":[{"href":"https:\/\/inces.gob.ve\/index.php\/wp-json\/wp\/v2\/posts"}],"about":[{"href":"https:\/\/inces.gob.ve\/index.php\/wp-json\/wp\/v2\/types\/post"}],"author":[{"embeddable":true,"href":"https:\/\/inces.gob.ve\/index.php\/wp-json\/wp\/v2\/users\/4"}],"replies":[{"embeddable":true,"href":"https:\/\/inces.gob.ve\/index.php\/wp-json\/wp\/v2\/comments?post=41583"}],"version-history":[{"count":3,"href":"https:\/\/inces.gob.ve\/index.php\/wp-json\/wp\/v2\/posts\/41583\/revisions"}],"predecessor-version":[{"id":41592,"href":"https:\/\/inces.gob.ve\/index.php\/wp-json\/wp\/v2\/posts\/41583\/revisions\/41592"}],"wp:featuredmedia":[{"embeddable":true,"href":"https:\/\/inces.gob.ve\/index.php\/wp-json\/wp\/v2\/media\/41584"}],"wp:attachment":[{"href":"https:\/\/inces.gob.ve\/index.php\/wp-json\/wp\/v2\/media?parent=41583"}],"wp:term":[{"taxonomy":"category","embeddable":true,"href":"https:\/\/inces.gob.ve\/index.php\/wp-json\/wp\/v2\/categories?post=41583"},{"taxonomy":"post_tag","embeddable":true,"href":"https:\/\/inces.gob.ve\/index.php\/wp-json\/wp\/v2\/tags?post=41583"}],"curies":[{"name":"wp","href":"https:\/\/api.w.org\/{rel}","templated":true}]}}