{"id":41610,"date":"2022-03-11T13:09:42","date_gmt":"2022-03-11T17:09:42","guid":{"rendered":"https:\/\/inces.gob.ve\/?p=41610"},"modified":"2022-03-12T14:12:18","modified_gmt":"2022-03-12T18:12:18","slug":"diputado-sanchez-hay-una-necesidad-de-vincular-el-tema-productivo-con-lo-formativo","status":"publish","type":"post","link":"https:\/\/inces.gob.ve\/index.php\/2022\/03\/11\/diputado-sanchez-hay-una-necesidad-de-vincular-el-tema-productivo-con-lo-formativo\/","title":{"rendered":"Diputado S\u00e1nchez: Hay una necesidad de vincular el tema productivo con lo formativo"},"content":{"rendered":"<p style=\"text-align: justify;\"><em><strong><span style=\"font-size: 14pt;\">Para el diputado S\u00e1nchez urge la construcci\u00f3n de un instrumento jur\u00eddico que coadyuve a la formalizaci\u00f3n del Sistema de Educaci\u00f3n de Formaci\u00f3n T\u00e9cnica Profesional<\/span><\/strong><\/em><!--more--><\/p>\n<p style=\"text-align: justify;\">\n<p style=\"text-align: justify;\"><strong><span style=\"font-size: 14pt;\">T\/F LUIS J. GONZ\u00c1LEZ C.<\/span><\/strong><br \/>\n<span style=\"font-size: 14pt;\">Para el presidente de la comisi\u00f3n de Comisi\u00f3n Permanente de Educaci\u00f3n, Salud, Ciencia, Tecnolog\u00eda e Innovaci\u00f3n de la Asamblea Nacional, diputado Ricardo S\u00e1nchez existe una voluntad pol\u00edtica presente entre los actores que conforman el gobierno nacional para formalizar el Sistema de Educaci\u00f3n de Formaci\u00f3n T\u00e9cnica Profesional \u00abpara cuyo planteamiento, es necesario estudiar otros modelos educativos y del como lo han hecho otros pa\u00edses, esto es una deuda que tenemos con el pasado y el futuro del pa\u00eds\u00bb, dijo.<\/span><\/p>\n<p style=\"text-align: justify;\">\n<span style=\"font-size: 14pt;\">Las palabras del diputado S\u00e1nchez fueron emitidas, durante una reuni\u00f3n con el presidente del Inces y tambi\u00e9n viceministro de Comunidades Educativas y Uni\u00f3n con el Pueblo Wuikelman Angel, conjuntamente a las autoridades de la instituci\u00f3n educativa y diputados de la mencionada comisi\u00f3n, para dar seguimiento y verificar la conformaci\u00f3n de una propuesta de ley que coadyuve al proceso.<\/span><span style=\"font-size: 14pt;\"> \u201cEs necesario posicionar en el imaginario colectivo del como es este modelo educativo productivo y materializar este proceso\u201d, destac\u00f3.<\/span><\/p>\n<p style=\"text-align: justify;\">\n<span style=\"font-size: 14pt;\">S\u00e1nchez, record\u00f3 las palabras del presidente Nicol\u00e1s Maduro respecto a la necesidad de elevar el sistema econ\u00f3mico nacional hacia un modelo independiente y productivo, \u201cEl salto hacia las tres R.nets que nos ha convocado el presidente Maduro nos lo podr\u00eda dar la Formaci\u00f3n T\u00e9cnica Profesional, necesitamos empoderar esto en el colectivo, es necesario que se homologuen los certificados del Inces en el nivel universitario\u201d coment\u00f3.<\/span><\/p>\n","protected":false},"excerpt":{"rendered":"<p>Para el diputado S\u00e1nchez urge la construcci\u00f3n de un instrumento jur\u00eddico que coadyuve a la formalizaci\u00f3n del Sistema de Educaci\u00f3n de Formaci\u00f3n T\u00e9cnica Profesional<\/p>\n","protected":false},"author":4,"featured_media":41611,"comment_status":"closed","ping_status":"closed","sticky":false,"template":"","format":"standard","meta":{"footnotes":""},"categories":[2],"tags":[],"class_list":["post-41610","post","type-post","status-publish","format-standard","has-post-thumbnail","hentry","category-blog"],"_links":{"self":[{"href":"https:\/\/inces.gob.ve\/index.php\/wp-json\/wp\/v2\/posts\/41610","targetHints":{"allow":["GET"]}}],"collection":[{"href":"https:\/\/inces.gob.ve\/index.php\/wp-json\/wp\/v2\/posts"}],"about":[{"href":"https:\/\/inces.gob.ve\/index.php\/wp-json\/wp\/v2\/types\/post"}],"author":[{"embeddable":true,"href":"https:\/\/inces.gob.ve\/index.php\/wp-json\/wp\/v2\/users\/4"}],"replies":[{"embeddable":true,"href":"https:\/\/inces.gob.ve\/index.php\/wp-json\/wp\/v2\/comments?post=41610"}],"version-history":[{"count":1,"href":"https:\/\/inces.gob.ve\/index.php\/wp-json\/wp\/v2\/posts\/41610\/revisions"}],"predecessor-version":[{"id":41612,"href":"https:\/\/inces.gob.ve\/index.php\/wp-json\/wp\/v2\/posts\/41610\/revisions\/41612"}],"wp:featuredmedia":[{"embeddable":true,"href":"https:\/\/inces.gob.ve\/index.php\/wp-json\/wp\/v2\/media\/41611"}],"wp:attachment":[{"href":"https:\/\/inces.gob.ve\/index.php\/wp-json\/wp\/v2\/media?parent=41610"}],"wp:term":[{"taxonomy":"category","embeddable":true,"href":"https:\/\/inces.gob.ve\/index.php\/wp-json\/wp\/v2\/categories?post=41610"},{"taxonomy":"post_tag","embeddable":true,"href":"https:\/\/inces.gob.ve\/index.php\/wp-json\/wp\/v2\/tags?post=41610"}],"curies":[{"name":"wp","href":"https:\/\/api.w.org\/{rel}","templated":true}]}}