{"id":41633,"date":"2022-03-14T00:17:56","date_gmt":"2022-03-14T04:17:56","guid":{"rendered":"https:\/\/inces.gob.ve\/?p=41633"},"modified":"2022-03-14T14:38:52","modified_gmt":"2022-03-14T18:38:52","slug":"es-un-honor-como-docentes-y-trabajadores-que-nuestro-cfs-lleve-el-nombre-del-gran-maestro-luis-beltran-prieto","status":"publish","type":"post","link":"https:\/\/inces.gob.ve\/index.php\/2022\/03\/14\/es-un-honor-como-docentes-y-trabajadores-que-nuestro-cfs-lleve-el-nombre-del-gran-maestro-luis-beltran-prieto\/","title":{"rendered":"\u201c Es un honor como docentes y trabajadores que nuestro CFS lleve el nombre del gran maestro Luis Belt\u0155an Prieto \u201d"},"content":{"rendered":"<p style=\"text-align: justify;\"><em><strong><span style=\"font-size: 14pt;\">** As\u00ed lo expres\u00f3 Hayde Zambrano, jefa del centro, quien\u00a0 en conjunto con estudiantes de la U.E del Inces Carabobo realizaron actividades este 14 de Marzo, para conmemorar el natalicio del Maestro de Maestros<\/span><\/strong><\/em><!--more--><\/p>\n<p>&nbsp;<\/p>\n<p style=\"text-align: justify;\"><span style=\"font-size: 14pt;\"><strong>\u00a0<\/strong><\/span><\/p>\n<p style=\"text-align: justify;\"><span style=\"font-size: 14pt;\"><strong>ATILIA CORTEZ<\/strong><\/span><\/p>\n<p style=\"text-align: justify;\"><span style=\"font-size: 14pt;\"><strong>\u00a0<\/strong><\/span><\/p>\n<p style=\"text-align: justify;\"><span style=\"font-size: 14pt;\">En el Centro de Formaci\u00f3n Socialista (CFS) Luis Beltr\u00e1n Prieto Figueroa del Inces Caraboob se llev\u00f3 a cabo el Lunes C\u00edvico, entre an\u00e9cdotas y un breve discurso realizado por la maetsra Lisbeth Arrioja para relatar la vida del Maestro de Maestros, con la participaci\u00f3n de j\u00f3venes del programa de Bachillerato Productivo que hacen vida en el referido centro.<\/span><\/p>\n<p style=\"text-align: justify;\">\n<p style=\"text-align: justify;\"><span style=\"font-size: 14pt;\">En tal sentido la jefa del centro, Hayde Zambrano, destac\u00f3: \u201cTodos los a\u00f1os con gran entusiasmo conmemoramos el natalicio del maestro Luis Beltr\u00e1n desde el Inces Carabobo y con m\u00e1s arraigo desde nuestro centro que lleva con orgullo el nombre Prieto Figueroa, es importante que el personal docente y administrativo que aqu\u00ed labora adem\u00e1s de los estudiantes y participantes conozcan la vida del Maestro\u00a0 y\u00a0 porque el CFS lleva su nombre\u201d.<\/span><\/p>\n<p style=\"text-align: justify;\">\n<p style=\"text-align: justify;\"><span style=\"font-size: 14pt;\"><strong>\u00a0<\/strong><\/span><\/p>\n<p style=\"text-align: justify;\"><span style=\"font-size: 14pt;\"><strong>La Historia del Cfs Luis Beltran Prieto de Valencia<\/strong><\/span><\/p>\n<p style=\"text-align: justify;\"><span style=\"font-size: 14pt;\"><strong>\u00a0<\/strong><\/span><\/p>\n<p style=\"text-align: justify;\"><span style=\"font-size: 14pt;\">La jefa del centro explic\u00f3 que en el sector Los Colorados del municipio Valencia en Carabobo, se encuentra ubicado el Centro de Formaci\u00f3n Socialista (CFS) \u201cLuis Beltr\u00e1n Prieto Figueroa\u201d que recibe este nombre desde al a\u00f1o 2009, luego de las elecciones efectuadas entre trabajadores e instructores del centro y para as\u00ed formar parte de los 7 centros del Inces ubicados en la regi\u00f3n.<\/span><\/p>\n<p style=\"text-align: justify;\">\n<p style=\"text-align: justify;\"><span style=\"font-size: 14pt;\">Es de destacar que la edificaci\u00f3n de 3 pisos con su azotea data su construcci\u00f3n desde el a\u00f1o de 1974 y hasta la fecha es considerada como una de las obras arquitect\u00f3nicas m\u00e1s modernas y amplias, ideal para realizar las diversas formaciones y cursos de la regi\u00f3n carabobe\u00f1a.<\/span><\/p>\n<p style=\"text-align: justify;\">\n<p style=\"text-align: justify;\"><span style=\"font-size: 14pt;\">Para conmemorar un a\u00f1o m\u00e1s del nacimiento de Luis Beltr\u00e1n Prieto, educador, fil\u00f3sofo, abogado, pol\u00edtico, poeta y cr\u00edtico literario venezolano, desde el Inces Carabobo queremos presentar un reportaje del CFS que lleva su nombre en la regi\u00f3n y quien en voz\u00a0 de su\u00a0 jefa, Hayde Zambrano, conoceremos la historia del lugar.<\/span><\/p>\n<p style=\"text-align: justify;\">\n<p style=\"text-align: justify;\"><span style=\"font-size: 14pt;\">Entre tanto Zambrano quien labora en el CFS desde junio del 1998 y ahora como su jefa relat\u00f3 que esta edificaci\u00f3n fue construida en 1974, es decir que este a\u00f1o tiene 48 a\u00f1os de creada\u00a0 \u201c y para la fecha, se le conoc\u00eda como Centro de Formaci\u00f3n Comercial Los Colorados, porque los centros del Inces recib\u00edan la denominaci\u00f3n del sector donde estaban ubicados\u00a0 y al estar ubicados en el sector Los Colorados de ah\u00ed su\u00a0 nombre\u201d<\/span><\/p>\n<p style=\"text-align: justify;\">\n<p style=\"text-align: justify;\"><span style=\"font-size: 14pt;\">Zambrano acot\u00f3 \u201cque para el a\u00f1o 2009 se recibi\u00f3 de Inces Sede la indicaci\u00f3n de designarle un nombre al centro. Para dicha asignaci\u00f3n, por instrucciones del gerente de aquel momento, realizamos elecciones con 3 opciones Luis Beltr\u00e1n Prieto, Sim\u00f3n Rodr\u00edguez y Andr\u00e9s Bello, resultando ganador la opci\u00f3n de Luis Beltr\u00e1n nuestro creador del Inces y de la primera Federaci\u00f3n de Maestros\u201d.<\/span><\/p>\n<p style=\"text-align: justify;\"><span style=\"font-size: 14pt;\"><strong>\u00a0<\/strong><\/span><\/p>\n<p style=\"text-align: justify;\"><span style=\"font-size: 14pt;\"><strong>\u00a0<\/strong><\/span><\/p>\n<p style=\"text-align: justify;\"><span style=\"font-size: 14pt;\"><strong>El CFS Luis Beltr\u00e1n Prieto ofrece un abanico de opciones formativas <\/strong><\/span><\/p>\n<p style=\"text-align: justify;\"><span style=\"font-size: 14pt;\"><strong>\u00a0<\/strong><\/span><\/p>\n<p style=\"text-align: justify;\"><span style=\"font-size: 14pt;\">La jefa del CFS puntualiz\u00f3: \u201cActualmente en el lugar ofrecemos diversas opciones formativas como es lo que hoy nos sugiere Inces Sede. Es la integralidad en lo ofertado\u00a0 porque antes estaba orientado en el \u00e1rea comercial es decir contabilidad, asistente de empresas, ahora panader\u00eda, dise\u00f1o de p\u00e1gina web, contabilidad entre otras de los cursos que aqu\u00ed se imparten\u201d.<\/span><\/p>\n<p style=\"text-align: justify;\">\n<p style=\"text-align: justify;\"><span style=\"font-size: 14pt;\">Otro de los aspectos de resaltar del lugar es la gran variedad de helechos y musgos que cuelgan en la entrada y en sus escaleras adem\u00e1s de obras arquitect\u00f3nicas y exhibici\u00f3n fotogr\u00e1fica permanente del lugar y adem\u00e1s de un amplio y c\u00f3modo auditorio que no solo es usado por propios sino por for\u00e1neas invitados\u00a0<\/span><\/p>\n<p style=\"text-align: justify;\">\n<p style=\"text-align: justify;\"><span style=\"font-size: 14pt;\">Finalmente Zambrano agreg\u00f3: \u201cYo tambi\u00e9n fui aprendiz Inces en el \u00e1rea bancaria estoy orgullosa de pertenecer a esta instituci\u00f3n, la Universidad del pueblo donde nuestras formaciones son de calidad, gratuitas y\u00a0 basadas\u00a0 en las ideas de un visionarkio\u201d.<\/span><\/p>\n","protected":false},"excerpt":{"rendered":"<p>** As\u00ed lo expres\u00f3 Hayde Zambrano, jefa del centro, quien\u00a0 en conjunto con estudiantes de la U.E del Inces Carabobo realizaron actividades este 14 de Marzo, para conmemorar el natalicio del Maestro de Maestros<\/p>\n","protected":false},"author":4,"featured_media":41634,"comment_status":"closed","ping_status":"closed","sticky":false,"template":"","format":"standard","meta":{"footnotes":""},"categories":[2],"tags":[],"class_list":["post-41633","post","type-post","status-publish","format-standard","has-post-thumbnail","hentry","category-blog"],"_links":{"self":[{"href":"https:\/\/inces.gob.ve\/index.php\/wp-json\/wp\/v2\/posts\/41633","targetHints":{"allow":["GET"]}}],"collection":[{"href":"https:\/\/inces.gob.ve\/index.php\/wp-json\/wp\/v2\/posts"}],"about":[{"href":"https:\/\/inces.gob.ve\/index.php\/wp-json\/wp\/v2\/types\/post"}],"author":[{"embeddable":true,"href":"https:\/\/inces.gob.ve\/index.php\/wp-json\/wp\/v2\/users\/4"}],"replies":[{"embeddable":true,"href":"https:\/\/inces.gob.ve\/index.php\/wp-json\/wp\/v2\/comments?post=41633"}],"version-history":[{"count":1,"href":"https:\/\/inces.gob.ve\/index.php\/wp-json\/wp\/v2\/posts\/41633\/revisions"}],"predecessor-version":[{"id":41635,"href":"https:\/\/inces.gob.ve\/index.php\/wp-json\/wp\/v2\/posts\/41633\/revisions\/41635"}],"wp:featuredmedia":[{"embeddable":true,"href":"https:\/\/inces.gob.ve\/index.php\/wp-json\/wp\/v2\/media\/41634"}],"wp:attachment":[{"href":"https:\/\/inces.gob.ve\/index.php\/wp-json\/wp\/v2\/media?parent=41633"}],"wp:term":[{"taxonomy":"category","embeddable":true,"href":"https:\/\/inces.gob.ve\/index.php\/wp-json\/wp\/v2\/categories?post=41633"},{"taxonomy":"post_tag","embeddable":true,"href":"https:\/\/inces.gob.ve\/index.php\/wp-json\/wp\/v2\/tags?post=41633"}],"curies":[{"name":"wp","href":"https:\/\/api.w.org\/{rel}","templated":true}]}}