{"id":41652,"date":"2022-03-15T14:20:25","date_gmt":"2022-03-15T18:20:25","guid":{"rendered":"https:\/\/inces.gob.ve\/?p=41652"},"modified":"2022-03-15T14:44:34","modified_gmt":"2022-03-15T18:44:34","slug":"120-aniversario-del-maestro-luis-beltran-prieto-figueroa-hombre-del-siglo-xx","status":"publish","type":"post","link":"https:\/\/inces.gob.ve\/index.php\/2022\/03\/15\/120-aniversario-del-maestro-luis-beltran-prieto-figueroa-hombre-del-siglo-xx\/","title":{"rendered":"120 aniversario del maestro Luis Beltr\u00e1n Prieto Figueroa: hombre del Siglo XX"},"content":{"rendered":"<p align=\"justify\"><span style=\"color: #000000; font-size: 14pt;\"><span style=\"font-family: Georgia,serif;\"><i><b>** En la plazoleta del Inces se exhibe una semblanza fotogr\u00e1fica del maestro de maestros<\/b><\/i><\/span><\/span><!--more--><\/p>\n<p align=\"justify\"><span style=\"color: #000000; font-size: 14pt;\"><span style=\"font-family: Georgia,serif;\">Luis Beltr\u00e1n Prieto Figueroa naci\u00f3 un 14 de marzo de 1902, en la ciudad de La Asunci\u00f3n, estado Nueva Esparta, motivo para que las autoridades del Inces, encabezada por su presidente Wuikelman Angel y un grupo de aprendices de los distintos centros de formaci\u00f3n de la ciudad, le rindieran un merecido y sencillo homenaje que comenz\u00f3 con una ofrenda floral a su imagen inmortalizada. <img loading=\"lazy\" decoding=\"async\" class=\"aligncenter wp-image-41657 \" src=\"https:\/\/inces.gob.ve\/wp-content\/uploads\/2022\/03\/aniversario-del-maestro-Luis-Beltran-Prieto-1-1-1024x717.jpg\" alt=\"\" width=\"776\" height=\"543\" srcset=\"https:\/\/inces.gob.ve\/wp-content\/uploads\/2022\/03\/aniversario-del-maestro-Luis-Beltran-Prieto-1-1-1024x717.jpg 1024w, https:\/\/inces.gob.ve\/wp-content\/uploads\/2022\/03\/aniversario-del-maestro-Luis-Beltran-Prieto-1-1-300x210.jpg 300w, https:\/\/inces.gob.ve\/wp-content\/uploads\/2022\/03\/aniversario-del-maestro-Luis-Beltran-Prieto-1-1-768x538.jpg 768w, https:\/\/inces.gob.ve\/wp-content\/uploads\/2022\/03\/aniversario-del-maestro-Luis-Beltran-Prieto-1-1-1536x1076.jpg 1536w, https:\/\/inces.gob.ve\/wp-content\/uploads\/2022\/03\/aniversario-del-maestro-Luis-Beltran-Prieto-1-1-2048x1434.jpg 2048w\" sizes=\"auto, (max-width: 776px) 100vw, 776px\" \/><\/span><\/span><\/p>\n<p align=\"justify\"><span style=\"color: #000000; font-size: 14pt;\"><span style=\"font-family: Georgia,serif;\">Al acto aniversario se hicieron presentes representantes del Ministerio del Poder Popular para la Educaci\u00f3n y del Centro Nacional de Historia a trav\u00e9s de Dalia Marrufo y Alexander Torres Iriarte, quien habl\u00f3 sobre destacados aspectos de la vida pol\u00edtica, educativa, literaria e hist\u00f3rica de Prieto Figueroa. <\/span><\/span><\/p>\n<p align=\"justify\"><img loading=\"lazy\" decoding=\"async\" class=\"aligncenter wp-image-41676 \" src=\"https:\/\/inces.gob.ve\/wp-content\/uploads\/2022\/03\/maestro-Luis-Beltran-Prieto-F00-5--1024x685.jpg\" alt=\"\" width=\"769\" height=\"514\" \/><\/p>\n<p align=\"justify\"><span style=\"color: #000000; font-size: 14pt;\"><span style=\"font-family: Georgia,serif;\">El recordatorio continu\u00f3 con palabras de Wuikelman Angel, viceministro de Comunidades Educativas y Uni\u00f3n con el Pueblo, quien realz\u00f3 la figura del maestro de maestros en su rol de promotor del Estado Docente; principio rector donde se subraya que es responsabilidad y deber del Estado orientar todos los procesos educativos de la Rep\u00fablica. Para ello, el maestro siempre apunt\u00f3 sobre el papel de la juventud como una cualidad donde se fundamentan los valores en la expectativa para alcanzar grandes metas.<img loading=\"lazy\" decoding=\"async\" class=\"aligncenter wp-image-41659 \" src=\"https:\/\/inces.gob.ve\/wp-content\/uploads\/2022\/03\/maestro-Luis-Beltran-Prieto-F-0--1024x685.jpg\" alt=\"\" width=\"773\" height=\"517\" srcset=\"https:\/\/inces.gob.ve\/wp-content\/uploads\/2022\/03\/maestro-Luis-Beltran-Prieto-F-0--1024x685.jpg 1024w, https:\/\/inces.gob.ve\/wp-content\/uploads\/2022\/03\/maestro-Luis-Beltran-Prieto-F-0--300x201.jpg 300w, https:\/\/inces.gob.ve\/wp-content\/uploads\/2022\/03\/maestro-Luis-Beltran-Prieto-F-0--768x514.jpg 768w, https:\/\/inces.gob.ve\/wp-content\/uploads\/2022\/03\/maestro-Luis-Beltran-Prieto-F-0--1536x1028.jpg 1536w, https:\/\/inces.gob.ve\/wp-content\/uploads\/2022\/03\/maestro-Luis-Beltran-Prieto-F-0--2048x1371.jpg 2048w, https:\/\/inces.gob.ve\/wp-content\/uploads\/2022\/03\/maestro-Luis-Beltran-Prieto-F-0--272x182.jpg 272w\" sizes=\"auto, (max-width: 773px) 100vw, 773px\" \/><\/span><\/span><\/p>\n<p align=\"justify\"><span style=\"color: #000000; font-size: 14pt;\"><span style=\"font-family: Georgia,serif;\">Luego de las palabras de Wuikelman Angel, el acto continu\u00f3 con la apertura de una semblanza fotogr\u00e1fica del fundador del Inces, muestra donde vemos a Prieto Figueroa en diferentes roles como, maestro, dirigente pol\u00edtico, parlamentario, padre de familia, conductor de juventudes, entre otros roles. <img loading=\"lazy\" decoding=\"async\" class=\"aligncenter wp-image-41660 \" src=\"https:\/\/inces.gob.ve\/wp-content\/uploads\/2022\/03\/aniversario-del-maestro-Luis-Beltran-Prieto-3--1024x685.jpg\" alt=\"\" width=\"760\" height=\"508\" srcset=\"https:\/\/inces.gob.ve\/wp-content\/uploads\/2022\/03\/aniversario-del-maestro-Luis-Beltran-Prieto-3--1024x685.jpg 1024w, https:\/\/inces.gob.ve\/wp-content\/uploads\/2022\/03\/aniversario-del-maestro-Luis-Beltran-Prieto-3--300x201.jpg 300w, https:\/\/inces.gob.ve\/wp-content\/uploads\/2022\/03\/aniversario-del-maestro-Luis-Beltran-Prieto-3--768x514.jpg 768w, https:\/\/inces.gob.ve\/wp-content\/uploads\/2022\/03\/aniversario-del-maestro-Luis-Beltran-Prieto-3--1536x1028.jpg 1536w, https:\/\/inces.gob.ve\/wp-content\/uploads\/2022\/03\/aniversario-del-maestro-Luis-Beltran-Prieto-3--2048x1371.jpg 2048w, https:\/\/inces.gob.ve\/wp-content\/uploads\/2022\/03\/aniversario-del-maestro-Luis-Beltran-Prieto-3--272x182.jpg 272w\" sizes=\"auto, (max-width: 760px) 100vw, 760px\" \/><\/span><\/span><\/p>\n<p align=\"justify\"><span style=\"color: #000000;\"><span style=\"font-family: Georgia, serif;\"><span style=\"font-size: large;\"><span style=\"font-size: 14pt;\">El acto cerr\u00f3 con una obra teatral titulada: \u201csaberes desde la eternidad\u201d, escrita y dirigida por Flaminio Hern\u00e1ndez, con actuaciones del Grupo Teatral del Ministerio de Educaci\u00f3n, obra que constituye un homenaje a tres grandes maestros venezolanos: Sim\u00f3n Rodr\u00edguez, Luis Beltr\u00e1n Prieto Figueroa y Arist\u00f3bulo Ist\u00fariz.<img loading=\"lazy\" decoding=\"async\" class=\"aligncenter wp-image-41661 \" src=\"https:\/\/inces.gob.ve\/wp-content\/uploads\/2022\/03\/maestro-Luis-Beltran-Prieto-F-004--1024x685.jpg\" alt=\"\" width=\"757\" height=\"506\" srcset=\"https:\/\/inces.gob.ve\/wp-content\/uploads\/2022\/03\/maestro-Luis-Beltran-Prieto-F-004--1024x685.jpg 1024w, https:\/\/inces.gob.ve\/wp-content\/uploads\/2022\/03\/maestro-Luis-Beltran-Prieto-F-004--300x201.jpg 300w, https:\/\/inces.gob.ve\/wp-content\/uploads\/2022\/03\/maestro-Luis-Beltran-Prieto-F-004--768x514.jpg 768w, https:\/\/inces.gob.ve\/wp-content\/uploads\/2022\/03\/maestro-Luis-Beltran-Prieto-F-004--1536x1028.jpg 1536w, https:\/\/inces.gob.ve\/wp-content\/uploads\/2022\/03\/maestro-Luis-Beltran-Prieto-F-004--2048x1371.jpg 2048w, https:\/\/inces.gob.ve\/wp-content\/uploads\/2022\/03\/maestro-Luis-Beltran-Prieto-F-004--272x182.jpg 272w\" sizes=\"auto, (max-width: 757px) 100vw, 757px\" \/><\/span> <\/span><\/span><\/span><\/p>\n","protected":false},"excerpt":{"rendered":"<p>** En la plazoleta del Inces se exhibe una semblanza fotogr\u00e1fica del maestro de maestros<\/p>\n","protected":false},"author":4,"featured_media":41663,"comment_status":"closed","ping_status":"closed","sticky":false,"template":"","format":"standard","meta":{"footnotes":""},"categories":[2],"tags":[],"class_list":["post-41652","post","type-post","status-publish","format-standard","has-post-thumbnail","hentry","category-blog"],"_links":{"self":[{"href":"https:\/\/inces.gob.ve\/index.php\/wp-json\/wp\/v2\/posts\/41652","targetHints":{"allow":["GET"]}}],"collection":[{"href":"https:\/\/inces.gob.ve\/index.php\/wp-json\/wp\/v2\/posts"}],"about":[{"href":"https:\/\/inces.gob.ve\/index.php\/wp-json\/wp\/v2\/types\/post"}],"author":[{"embeddable":true,"href":"https:\/\/inces.gob.ve\/index.php\/wp-json\/wp\/v2\/users\/4"}],"replies":[{"embeddable":true,"href":"https:\/\/inces.gob.ve\/index.php\/wp-json\/wp\/v2\/comments?post=41652"}],"version-history":[{"count":5,"href":"https:\/\/inces.gob.ve\/index.php\/wp-json\/wp\/v2\/posts\/41652\/revisions"}],"predecessor-version":[{"id":44609,"href":"https:\/\/inces.gob.ve\/index.php\/wp-json\/wp\/v2\/posts\/41652\/revisions\/44609"}],"wp:featuredmedia":[{"embeddable":true,"href":"https:\/\/inces.gob.ve\/index.php\/wp-json\/wp\/v2\/media\/41663"}],"wp:attachment":[{"href":"https:\/\/inces.gob.ve\/index.php\/wp-json\/wp\/v2\/media?parent=41652"}],"wp:term":[{"taxonomy":"category","embeddable":true,"href":"https:\/\/inces.gob.ve\/index.php\/wp-json\/wp\/v2\/categories?post=41652"},{"taxonomy":"post_tag","embeddable":true,"href":"https:\/\/inces.gob.ve\/index.php\/wp-json\/wp\/v2\/tags?post=41652"}],"curies":[{"name":"wp","href":"https:\/\/api.w.org\/{rel}","templated":true}]}}