{"id":41653,"date":"2022-03-15T10:33:49","date_gmt":"2022-03-15T14:33:49","guid":{"rendered":"https:\/\/inces.gob.ve\/?p=41653"},"modified":"2022-03-15T10:38:46","modified_gmt":"2022-03-15T14:38:46","slug":"yaracauy-arranca-proceso-de-acreditacion-a-personal-educativo-a-traves-del-inces","status":"publish","type":"post","link":"https:\/\/inces.gob.ve\/index.php\/2022\/03\/15\/yaracauy-arranca-proceso-de-acreditacion-a-personal-educativo-a-traves-del-inces\/","title":{"rendered":"YARACAUY | Arranca proceso de acreditaci\u00f3n a personal educativo \u00a0a trav\u00e9s del Inces"},"content":{"rendered":"<p align=\"justify\"><span style=\"font-size: 14pt;\"><span style=\"color: #000000;\"><span style=\"font-family: Georgia,serif;\"><i><strong>***Ser\u00e1n atendidos cinco municipios de manera simult\u00e1nea para dar inicio al proceso formativo<\/strong> <\/i><\/span><\/span><!--more--><\/span><\/p>\n<p style=\"text-align: justify;\"><span style=\"color: #000000; font-size: 14pt;\"><span style=\"font-family: Georgia,serif;\">yolaice vargas<\/span><\/span><\/p>\n<p style=\"text-align: justify;\"><span style=\"color: #000000; font-size: 14pt;\"><span style=\"font-family: Georgia,serif;\">Luego de un encuentro entre el personal del Instituto Nacional de Capacitaci\u00f3n y Educaci\u00f3n Socialista (Inces) Yaracuy, y el Ministerio del Poder Popular de Educaci\u00f3n en la figura de Zona Educativa, se acord\u00f3 que para este mi\u00e9rcoles 9 de marzo se dar\u00e1 inicio al proceso de formaci\u00f3n y acreditaci\u00f3n de saberes al personal educativo quienes se encargar\u00e1n de formar a los estudiantes de 5to a\u00f1o de media general y 6to a\u00f1o en media t\u00e9cnica.<\/span><\/span><\/p>\n<p style=\"text-align: justify;\" align=\"justify\"><span style=\"color: #000000; font-size: 14pt;\">\u201c<span style=\"font-family: Georgia,serif;\">Para esta fecha se atender\u00e1n de manera simult\u00e1nea a docentes de los municipios; Pe\u00f1a, Bol\u00edvar, Nirgua, Bruzual y San Felipe, a fin de abordar en el menor lapso de tiempo los 14 municipios y abarcar todas las instituciones educativas del estado Yaracuy\u201d, as\u00ed lo indic\u00f3 el Gerente Regional del Inces Yaracuy, Dalvi Torrealba. <\/span><\/span><\/p>\n<p style=\"text-align: justify;\" align=\"justify\"><span style=\"color: #000000; font-size: 14pt;\"><span style=\"font-family: Georgia,serif;\">De igual modo el titular del ente destac\u00f3 que, para cumplir los lineamientos del presidente de la Rep\u00fablica Nicol\u00e1s Maduro, se atender\u00e1n tanto las instituciones p\u00fablicas como privadas,\u00a0 con el objetivo de cubrir al cien por ciento la matr\u00edcula estudiantil, que es de aproximadamente 8 mil j\u00f3venes quienes cursan el \u00faltimo a\u00f1o de bachillerato. <\/span><\/span><\/p>\n<p style=\"text-align: justify;\" align=\"justify\"><span style=\"color: #000000; font-size: 14pt;\"><span style=\"font-family: Georgia,serif;\">Por su parte la Jefe de Divisi\u00f3n de Adolescentes, J\u00f3venes y Adultos de la Zona Educativa, Yngrid Mu\u00f1oz, explic\u00f3 que el plan de acci\u00f3n que se desarrollar\u00e1 durante el mes de marzo para el proceso de formaci\u00f3n y acreditaci\u00f3n, iniciar\u00e1 en el municipio San Felipe, en la Escuela T\u00e9cnica Industrial R\u00f3mulo Gallegos; en Bruzual la actividad se llevar\u00e1 a cabo en el Complejo Educativo Tribu Jirajara; en Nirgua en el Complejo Educativo Heriberto Nu\u00f1ez;\u00a0 en Pe\u00f1a el encuentro se realizar\u00e1 en la Escuela T\u00e9cnica Agr\u00edcola Carlos Jos\u00e9 M\u00fajica y en el municipio Bol\u00edvar la formaci\u00f3n se realizar\u00e1 en la Escuela T\u00e9cnica Agr\u00edcola Minas de Aroa.\u00a0 <\/span><\/span><\/p>\n<p style=\"text-align: justify;\" align=\"justify\"><span style=\"color: #000000; font-size: 14pt;\"><span style=\"font-family: Georgia,serif;\">Manifest\u00f3 que el trabajo que se desarrolla de manera conjunta Inces- Zona Educativa va direccionado a cumplir con la solicitud hecha por los estudiantes ante el presidente de la Rep\u00fablica Nicol\u00e1s Maduro, en aras de avanzar en el nuevo modelo educativo que incluye el \u00e1rea productiva. <\/span><\/span><\/p>\n","protected":false},"excerpt":{"rendered":"<p>***Ser\u00e1n atendidos cinco municipios de manera simult\u00e1nea para dar inicio al proceso formativo<\/p>\n","protected":false},"author":4,"featured_media":41654,"comment_status":"closed","ping_status":"closed","sticky":false,"template":"","format":"standard","meta":{"footnotes":""},"categories":[2],"tags":[],"class_list":["post-41653","post","type-post","status-publish","format-standard","has-post-thumbnail","hentry","category-blog"],"_links":{"self":[{"href":"https:\/\/inces.gob.ve\/index.php\/wp-json\/wp\/v2\/posts\/41653","targetHints":{"allow":["GET"]}}],"collection":[{"href":"https:\/\/inces.gob.ve\/index.php\/wp-json\/wp\/v2\/posts"}],"about":[{"href":"https:\/\/inces.gob.ve\/index.php\/wp-json\/wp\/v2\/types\/post"}],"author":[{"embeddable":true,"href":"https:\/\/inces.gob.ve\/index.php\/wp-json\/wp\/v2\/users\/4"}],"replies":[{"embeddable":true,"href":"https:\/\/inces.gob.ve\/index.php\/wp-json\/wp\/v2\/comments?post=41653"}],"version-history":[{"count":1,"href":"https:\/\/inces.gob.ve\/index.php\/wp-json\/wp\/v2\/posts\/41653\/revisions"}],"predecessor-version":[{"id":41655,"href":"https:\/\/inces.gob.ve\/index.php\/wp-json\/wp\/v2\/posts\/41653\/revisions\/41655"}],"wp:featuredmedia":[{"embeddable":true,"href":"https:\/\/inces.gob.ve\/index.php\/wp-json\/wp\/v2\/media\/41654"}],"wp:attachment":[{"href":"https:\/\/inces.gob.ve\/index.php\/wp-json\/wp\/v2\/media?parent=41653"}],"wp:term":[{"taxonomy":"category","embeddable":true,"href":"https:\/\/inces.gob.ve\/index.php\/wp-json\/wp\/v2\/categories?post=41653"},{"taxonomy":"post_tag","embeddable":true,"href":"https:\/\/inces.gob.ve\/index.php\/wp-json\/wp\/v2\/tags?post=41653"}],"curies":[{"name":"wp","href":"https:\/\/api.w.org\/{rel}","templated":true}]}}