{"id":41666,"date":"2022-03-04T11:29:53","date_gmt":"2022-03-04T15:29:53","guid":{"rendered":"https:\/\/inces.gob.ve\/?p=41666"},"modified":"2022-03-15T11:31:32","modified_gmt":"2022-03-15T15:31:32","slug":"maracay-resplandece-el-inces-region-aragua-con-nueva-vista-central","status":"publish","type":"post","link":"https:\/\/inces.gob.ve\/index.php\/2022\/03\/04\/maracay-resplandece-el-inces-region-aragua-con-nueva-vista-central\/","title":{"rendered":"MARACAY | Resplandece el Inces Regi\u00f3n Aragua con nueva vista central"},"content":{"rendered":"<p style=\"text-align: justify;\"><b>** Con reparaci\u00f3n de cubierta de techo se cerr\u00f3 el mes de febrero<\/b><!--more--><\/p>\n<p style=\"text-align: justify;\"><b><\/p>\n<p>Ninoska Patriz<br \/>\n<\/b><br \/>\nCon mayor iluminaci\u00f3n natural, renovadas energ\u00edas y excelentes resultados se observ\u00f3 terminado el proyecto denominado:\u00a0<b>Sustituci\u00f3n de cubierta de techo del patio central del Centro de Formaci\u00f3n Socialista Comercial Maracay en la Gerencia Regional Aragua<\/b>. As\u00ed lo inform\u00f3, la Jefa de Infraestructura Inces Aragua, Ingeniero Dulce Pulgar.<\/p>\n<p style=\"text-align: justify;\">\n<p>El procedimiento, fu\u00e9 aprobado para su ejecuci\u00f3n, gracias a la\u00a0<b>Gerencia General de Infraestructura \u00a0y servicios del Inces Rector.<\/b>\u00a0\u00c9ste fue llevado a cabo en tres semanas y fu\u00e9 agradecido por cada estudiante y trabajador que hace vida en las instalaciones Inces.<\/p>\n<p style=\"text-align: justify;\">\n<p>La colocaci\u00f3n de\u00a0<b>nuevas l\u00e1minas de policarbonato alveolar, apoyadas en tridilosa, con pintura blanca trasl\u00facida, abarc\u00f3 un espacio de 324,12 mts2.<\/b>\u00a0El cual equivale al patio central de la instituci\u00f3n, com\u00fanmente\u00a0llamada Plazoleta.<\/p>\n<p style=\"text-align: justify;\">\n<p>Por su parte, la ejecuci\u00f3n de la obra, fu\u00e9 supervisada por el Gerente General Ingeniero Oliver Medina.\u00a0<b>\u00c9ste agradeci\u00f3 el esfuerzo y la constancia de todos los involucrados: \u00abCon un Inces remozado, recibimos al mes de Marzo, ahora contando con mejor luz solar,\u00a0<\/b>para el desarrollo de las actividades y preparados para recibir las bendiciones de la \u00a0cercana Semana Santa\u00bb, afirm\u00f3.<\/p>\n<p style=\"text-align: justify;\">\n<p>Del mismo modo, la Ingeniera Dulce Pulgar,\u00a0<b>destac\u00f3 el trabajo realizado por el equipo de Infraestructura Inces Regi\u00f3n Aragua, en la limpieza y arreglo del Patio Central<\/b>, contando con las medidas de Bioseguridad correspondientes.<\/p>\n","protected":false},"excerpt":{"rendered":"<p>** Con reparaci\u00f3n de cubierta de techo se cerr\u00f3 el mes de febrero<\/p>\n","protected":false},"author":4,"featured_media":41667,"comment_status":"closed","ping_status":"closed","sticky":false,"template":"","format":"standard","meta":{"footnotes":""},"categories":[2],"tags":[],"class_list":["post-41666","post","type-post","status-publish","format-standard","has-post-thumbnail","hentry","category-blog"],"_links":{"self":[{"href":"https:\/\/inces.gob.ve\/index.php\/wp-json\/wp\/v2\/posts\/41666","targetHints":{"allow":["GET"]}}],"collection":[{"href":"https:\/\/inces.gob.ve\/index.php\/wp-json\/wp\/v2\/posts"}],"about":[{"href":"https:\/\/inces.gob.ve\/index.php\/wp-json\/wp\/v2\/types\/post"}],"author":[{"embeddable":true,"href":"https:\/\/inces.gob.ve\/index.php\/wp-json\/wp\/v2\/users\/4"}],"replies":[{"embeddable":true,"href":"https:\/\/inces.gob.ve\/index.php\/wp-json\/wp\/v2\/comments?post=41666"}],"version-history":[{"count":1,"href":"https:\/\/inces.gob.ve\/index.php\/wp-json\/wp\/v2\/posts\/41666\/revisions"}],"predecessor-version":[{"id":41668,"href":"https:\/\/inces.gob.ve\/index.php\/wp-json\/wp\/v2\/posts\/41666\/revisions\/41668"}],"wp:featuredmedia":[{"embeddable":true,"href":"https:\/\/inces.gob.ve\/index.php\/wp-json\/wp\/v2\/media\/41667"}],"wp:attachment":[{"href":"https:\/\/inces.gob.ve\/index.php\/wp-json\/wp\/v2\/media?parent=41666"}],"wp:term":[{"taxonomy":"category","embeddable":true,"href":"https:\/\/inces.gob.ve\/index.php\/wp-json\/wp\/v2\/categories?post=41666"},{"taxonomy":"post_tag","embeddable":true,"href":"https:\/\/inces.gob.ve\/index.php\/wp-json\/wp\/v2\/tags?post=41666"}],"curies":[{"name":"wp","href":"https:\/\/api.w.org\/{rel}","templated":true}]}}