{"id":41685,"date":"2022-03-15T13:28:59","date_gmt":"2022-03-15T17:28:59","guid":{"rendered":"https:\/\/inces.gob.ve\/?p=41685"},"modified":"2022-03-15T13:29:37","modified_gmt":"2022-03-15T17:29:37","slug":"inces-militar-zulia-realiza-primer-encuentro-para-afinar-estrategias-para-la-programacion-formativa-del-ano-2022","status":"publish","type":"post","link":"https:\/\/inces.gob.ve\/index.php\/2022\/03\/15\/inces-militar-zulia-realiza-primer-encuentro-para-afinar-estrategias-para-la-programacion-formativa-del-ano-2022\/","title":{"rendered":"Inces Militar Zulia realiza primer encuentro para afinar estrategias para la programaci\u00f3n formativa del a\u00f1o 2022."},"content":{"rendered":"<p align=\"justify\"><span style=\"color: #222222;\"><span style=\"font-family: Georgia, serif;\"><span style=\"font-size: large;\">Desde las instalaciones del Inces Militar en el estado Zulia, bajo la genrencia del CNEL. Pi\u00f1a Jim\u00e9nez Yonny y su equipo de profesionales militares y en articulaci\u00f3n con la coordinadora acad\u00e9mica del Inces, Barbara Molina, se dieron a conocer cu\u00e1les eran los siguientes cursos, unidades d\u00f3nde se dictar\u00e1n y estrategias a implementar para el mejor desarrollo en los procesos de ense\u00f1anza aprendizaje, manteniendo la construcci\u00f3n de un ser productivo que responda a las necesidades de la sociedad actual en nuestro pa\u00eds.<\/span><\/span><\/span><\/p>\n<p align=\"justify\"><span style=\"color: #222222;\"><span style=\"font-family: Georgia, serif;\"><span style=\"font-size: large;\">Al respecto, Pi\u00f1a expuso detalladamente los aspectos medulares que se deben tomar en cuenta como Fuerza Armada, para establecer la sinergia necesaria entre los distintos sectores productivos nacionales y de esta manera lograr generar un desarrollo de conocimientos ajustado a nuestras necesidades.<\/span><\/span><\/span><\/p>\n<p align=\"justify\"><span style=\"color: #222222;\"><span style=\"font-family: Georgia, serif;\"><span style=\"font-size: large;\">A su vez acot\u00f3 que los programas de formaci\u00f3n deber\u00edan proporcionar a los educandos una base s\u00f3lida de conocimientos te\u00f3ricos y pr\u00e1cticos. Los programas de formaci\u00f3n y las materias de que traten deber\u00edan determinarse en forma que faciliten la adaptaci\u00f3n profesional futura de los educandos, dentro del \u00e1mbito de la ocupaci\u00f3n de que se trate.<\/span><\/span><\/span><\/p>\n<p align=\"justify\"><strong><span style=\"color: #222222;\"><span style=\"font-family: Georgia,serif;\"><span style=\"font-size: large;\">A este efecto, en la formaci\u00f3n de larga duraci\u00f3n se deber\u00eda cuidar:<\/span><\/span><\/span><\/strong><\/p>\n<p align=\"justify\"><span style=\"color: #222222;\"><span style=\"font-family: Georgia, serif;\"><span style=\"font-size: large;\">(1) Que el educando adquiera una comprensi\u00f3n amplia de los fundamentos te\u00f3ricos de su ocupaci\u00f3n.<\/span><\/span><\/span><\/p>\n<p align=\"justify\"><span style=\"color: #222222;\"><span style=\"font-family: Georgia, serif;\"><span style=\"font-size: large;\">(2)\u00a0 Que se evite la especializaci\u00f3n en el primer per\u00edodo, a fin de proporcionar al educando una amplia base de conocimientos profesionales te\u00f3ricos y pr\u00e1cticos que permitan una especializaci\u00f3n ulterior con un m\u00ednimo de formaci\u00f3n suplementaria o de readaptaci\u00f3n.<\/span><\/span><\/span><\/p>\n<p align=\"justify\"><span style=\"color: #222222;\"><span style=\"font-family: Georgia, serif;\"><span style=\"font-size: large;\">Finalmente se manifest\u00f3 la importancia de que los facilitadores y el personal del Inces militar e Inces socialista Zulia sigan debatiendo nuevos lineamientos, instando al personal docente en general procesos de ense\u00f1anza y aprendizaje que incluya variedad de estrategias innovadoras con contenidos que sean amplios e integradores. As\u00ed como brindar atenci\u00f3n personalizada a cada estudiante para lograr apoyarlo en distintas situaciones y\/o problemas que pueda tener durante su proceso de aprendizaje.<\/span><\/span><\/span><\/p>\n","protected":false},"excerpt":{"rendered":"<p>Desde las instalaciones del Inces Militar en el estado Zulia, bajo la genrencia del CNEL. Pi\u00f1a Jim\u00e9nez Yonny y su equipo de profesionales militares y en articulaci\u00f3n con la coordinadora acad\u00e9mica del Inces, Barbara Molina, se dieron a conocer cu\u00e1les eran los siguientes cursos, unidades d\u00f3nde se dictar\u00e1n y estrategias a implementar para el mejor [&hellip;]<\/p>\n","protected":false},"author":4,"featured_media":41686,"comment_status":"closed","ping_status":"closed","sticky":false,"template":"","format":"standard","meta":{"footnotes":""},"categories":[2],"tags":[],"class_list":["post-41685","post","type-post","status-publish","format-standard","has-post-thumbnail","hentry","category-blog"],"_links":{"self":[{"href":"https:\/\/inces.gob.ve\/index.php\/wp-json\/wp\/v2\/posts\/41685","targetHints":{"allow":["GET"]}}],"collection":[{"href":"https:\/\/inces.gob.ve\/index.php\/wp-json\/wp\/v2\/posts"}],"about":[{"href":"https:\/\/inces.gob.ve\/index.php\/wp-json\/wp\/v2\/types\/post"}],"author":[{"embeddable":true,"href":"https:\/\/inces.gob.ve\/index.php\/wp-json\/wp\/v2\/users\/4"}],"replies":[{"embeddable":true,"href":"https:\/\/inces.gob.ve\/index.php\/wp-json\/wp\/v2\/comments?post=41685"}],"version-history":[{"count":1,"href":"https:\/\/inces.gob.ve\/index.php\/wp-json\/wp\/v2\/posts\/41685\/revisions"}],"predecessor-version":[{"id":41687,"href":"https:\/\/inces.gob.ve\/index.php\/wp-json\/wp\/v2\/posts\/41685\/revisions\/41687"}],"wp:featuredmedia":[{"embeddable":true,"href":"https:\/\/inces.gob.ve\/index.php\/wp-json\/wp\/v2\/media\/41686"}],"wp:attachment":[{"href":"https:\/\/inces.gob.ve\/index.php\/wp-json\/wp\/v2\/media?parent=41685"}],"wp:term":[{"taxonomy":"category","embeddable":true,"href":"https:\/\/inces.gob.ve\/index.php\/wp-json\/wp\/v2\/categories?post=41685"},{"taxonomy":"post_tag","embeddable":true,"href":"https:\/\/inces.gob.ve\/index.php\/wp-json\/wp\/v2\/tags?post=41685"}],"curies":[{"name":"wp","href":"https:\/\/api.w.org\/{rel}","templated":true}]}}