{"id":41705,"date":"2022-02-25T08:14:21","date_gmt":"2022-02-25T12:14:21","guid":{"rendered":"https:\/\/inces.gob.ve\/?p=41705"},"modified":"2022-03-16T08:15:26","modified_gmt":"2022-03-16T12:15:26","slug":"guarico-bachilleres-egresados-en-el-inces-prosiguen-sus-estudios-en-ingenieria-agroecologica","status":"publish","type":"post","link":"https:\/\/inces.gob.ve\/index.php\/2022\/02\/25\/guarico-bachilleres-egresados-en-el-inces-prosiguen-sus-estudios-en-ingenieria-agroecologica\/","title":{"rendered":"GU\u00c1RICO | Bachilleres egresados en el Inces prosiguen sus estudios en ingenier\u00eda agroecol\u00f3gica"},"content":{"rendered":"<p style=\"text-align: justify;\"><span style=\"font-size: 14pt;\"><em><strong>** En una alianza entre el Inces y la universidad Sim\u00f3n Rodr\u00edguez, bachilleres con perfil productivo agr\u00edcola podr\u00e1n realizar la prosecuci\u00f3n de sus estudios superiores como ingenieros en el \u00e1rea de agroecolog\u00eda<\/strong><\/em><!--more--><\/span><\/p>\n<p style=\"text-align: justify;\"><span style=\"font-size: 14pt;\"><strong>\u00a0<\/strong><\/span><\/p>\n<p style=\"text-align: justify;\"><span style=\"font-size: 14pt;\"><strong>\u00a0MAR\u00cdA SANTIAGO | GU\u00c1RICO<\/strong><\/span><\/p>\n<p style=\"text-align: justify;\"><span style=\"font-size: 14pt;\"><strong>Los bachilleres productivos Inces con perfil productivo agr\u00edcola en San Juan de los Morros, tendr\u00e1n la oportunidad de optar por el t\u00edtulo de ingenieros agroecol\u00f3gicos gracias al convenio realizado por el Instituto Nacional de Capacitaci\u00f3n <\/strong><strong>y Educaci\u00f3n <\/strong><strong>Socialista (Inces) en el estado Gu\u00e1rico y la Universidad Nacional Experimental Sim\u00f3n Rodr\u00edguez (UNESR), esto como alianza formativa en el impulso de los \u00e1mbitos priorizados para lograr la independencia de la producci\u00f3n agr\u00edcola en Venezuela.<\/strong><\/span><\/p>\n<p style=\"text-align: justify;\"><span style=\"font-size: 14pt;\"><strong>\u00a0<\/strong><\/span><\/p>\n<p style=\"text-align: justify;\"><span style=\"font-size: 14pt;\"><strong>El coordinador del \u00e1rea agr\u00edcola <\/strong><strong>de<\/strong><strong> Inces Gu\u00e1rico; Leonardo Zambrano, <\/strong><strong>inform\u00f3 que<\/strong> <strong>luego<\/strong><strong> de varias reuniones con autoridades universitarias<\/strong> <strong>se lleg\u00f3 a este acuerdo <\/strong><strong>de<\/strong><strong> intercambio con la formaci\u00f3n e impulso de la producci\u00f3n de bioinsumos y fertilizantes sin qu\u00edmicos nocivos para la salud. \u201cNuestros estudiantes llevan un trabajo muy interesante realizado en el \u00e1mbito agroecol\u00f3gico que ya hemos presentado en varias oportunidades y nos alegra que se lograra este tipo de convenios en los que nuestros bachilleres productivos puedan seguir fortaleciendo este conocimiento iniciado en el Inces\u201d.<\/strong><\/span><\/p>\n<p style=\"text-align: justify;\"><span style=\"font-size: 14pt;\"><strong>\u00a0<\/strong><\/span><\/p>\n<p style=\"text-align: justify;\"><span style=\"font-size: 14pt;\"><strong>Zambrano se\u00f1al\u00f3 que se encuentra en desarrollo la iniciaci\u00f3n de una agrupaci\u00f3n en la parroquia Parara del municipio Ortiz, quienes solicitaron la formaci\u00f3n en el mismo \u00e1mbito, lo que implica que los guarique\u00f1os se formar\u00e1n primeramente como <\/strong><strong>bachilleres <\/strong><strong>productivos Inces y posteriormente continuar\u00e1n sus estudios en la misma modalidad de educaci\u00f3n superior<\/strong><strong>, agregando que<\/strong><strong> las mismas comunas <\/strong><strong>han solicitado<\/strong><strong> que se prosiga y fortalezca la presencia de la instituci\u00f3n en las \u00e1reas de producci\u00f3n agr\u00edcola, turismo e industrial, que son las m\u00e1s demandadas. <\/strong><\/span><\/p>\n<p style=\"text-align: justify;\"><span style=\"font-size: 14pt;\"><strong>\u00a0<\/strong><\/span><\/p>\n<p style=\"text-align: justify;\"><span style=\"font-size: 14pt;\"><strong>El instituto contin\u00faa fortaleciendo sus lazos en el \u00e1mbito formativo y productivo con presencia como ente supervisor y formador de proyectos en el plan todas las manos a la siembra, misiones y grandes misiones, con propuestas sustentables y sostenibles <\/strong><strong>con<\/strong><strong> miras <\/strong><strong>a consolidar<\/strong><strong> una Venezuela libre y soberana siguiendo el ideario del libertador Sim\u00f3n Bol\u00edvar.<\/strong><\/span><\/p>\n","protected":false},"excerpt":{"rendered":"<p>** En una alianza entre el Inces y la universidad Sim\u00f3n Rodr\u00edguez, bachilleres con perfil productivo agr\u00edcola podr\u00e1n realizar la prosecuci\u00f3n de sus estudios superiores como ingenieros en el \u00e1rea de agroecolog\u00eda<\/p>\n","protected":false},"author":4,"featured_media":41706,"comment_status":"closed","ping_status":"closed","sticky":false,"template":"","format":"standard","meta":{"footnotes":""},"categories":[2],"tags":[],"class_list":["post-41705","post","type-post","status-publish","format-standard","has-post-thumbnail","hentry","category-blog"],"_links":{"self":[{"href":"https:\/\/inces.gob.ve\/index.php\/wp-json\/wp\/v2\/posts\/41705","targetHints":{"allow":["GET"]}}],"collection":[{"href":"https:\/\/inces.gob.ve\/index.php\/wp-json\/wp\/v2\/posts"}],"about":[{"href":"https:\/\/inces.gob.ve\/index.php\/wp-json\/wp\/v2\/types\/post"}],"author":[{"embeddable":true,"href":"https:\/\/inces.gob.ve\/index.php\/wp-json\/wp\/v2\/users\/4"}],"replies":[{"embeddable":true,"href":"https:\/\/inces.gob.ve\/index.php\/wp-json\/wp\/v2\/comments?post=41705"}],"version-history":[{"count":2,"href":"https:\/\/inces.gob.ve\/index.php\/wp-json\/wp\/v2\/posts\/41705\/revisions"}],"predecessor-version":[{"id":41708,"href":"https:\/\/inces.gob.ve\/index.php\/wp-json\/wp\/v2\/posts\/41705\/revisions\/41708"}],"wp:featuredmedia":[{"embeddable":true,"href":"https:\/\/inces.gob.ve\/index.php\/wp-json\/wp\/v2\/media\/41706"}],"wp:attachment":[{"href":"https:\/\/inces.gob.ve\/index.php\/wp-json\/wp\/v2\/media?parent=41705"}],"wp:term":[{"taxonomy":"category","embeddable":true,"href":"https:\/\/inces.gob.ve\/index.php\/wp-json\/wp\/v2\/categories?post=41705"},{"taxonomy":"post_tag","embeddable":true,"href":"https:\/\/inces.gob.ve\/index.php\/wp-json\/wp\/v2\/tags?post=41705"}],"curies":[{"name":"wp","href":"https:\/\/api.w.org\/{rel}","templated":true}]}}