{"id":41710,"date":"2022-03-16T10:07:53","date_gmt":"2022-03-16T14:07:53","guid":{"rendered":"https:\/\/inces.gob.ve\/?p=41710"},"modified":"2022-03-16T10:08:03","modified_gmt":"2022-03-16T14:08:03","slug":"aragua-cfs-comercial-maracay-recibe-organiza-jornadas-de-certificacion","status":"publish","type":"post","link":"https:\/\/inces.gob.ve\/index.php\/2022\/03\/16\/aragua-cfs-comercial-maracay-recibe-organiza-jornadas-de-certificacion\/","title":{"rendered":"ARAGUA | CFS Comercial Maracay recibe organiza jornadas de certificaci\u00f3n"},"content":{"rendered":"<p align=\"justify\"><span style=\"font-size: 14pt;\"><span style=\"color: #000000;\"><span style=\"font-family: Georgia,serif;\"><b>**Los saberes emp\u00edricos se muestran en las aulas para fortalecer el intercambio de conocimientos<\/b><\/span><\/span><!--more--><\/span><\/p>\n<p align=\"justify\"><span style=\"font-size: 14pt;\"><span style=\"color: #000000;\"><span style=\"font-family: Georgia,serif;\"><b>NINOSKA PATRIZ<\/b><\/span><\/span><\/span><\/p>\n<p>Desde el Sal\u00f3n de Belleza Wadaka, coordinado por el Centro de Formaci\u00f3n Socialista Comercial Maracay, la profesora Melania Ramirez, certific\u00f3 saberes de Peluquer\u00eda y Barber\u00eda. <span style=\"color: #000000;\"><span style=\"font-family: Georgia,serif;\"><b>\u00abEl procedimiento es muy sencillo, pues delante de nuestros especialistas cada persona demuestra las habilidades adquiridas en la universidad de la vida\u00bb, explic\u00f3 Ramirez.<\/b><\/span><\/span><\/p>\n<p>\u00abDurante la actividad, los participantes del curso tienen un contacto directo,con los ejemplos existentes en el mercado de trabajo e incluso aprenden de las innovaciones personales propias de la creatividad de cada individuo para mejorar su desempe\u00f1o en las diversas \u00e1reas del ramo\u00bb, agreg\u00f3 la profesora.<\/p>\n<p>Uno de los caballeros que asisti\u00f3 cuenta con m\u00e1s de 10 a\u00f1os de experiencia laboral, cuyo inicio fue en la vida militar, seg\u00fan expres\u00f3.\u00a0 \u00abAl principio alternaba, tardes y fines de semana, ya con m\u00e1quina propia y con los implementos b\u00e1sicos para trabajar\u00bb, coment\u00f3 Anwar Olivo, tambi\u00e9n conocido en sus redes como <a href=\"https:\/\/twitter.com\/anwar_barber\" target=\"_blank\" rel=\"noopener\">@anwar_barber<\/a> , durante la exposici\u00f3n pr\u00e1ctica para su certificaci\u00f3n de saberes.<\/p>\n<p align=\"justify\"><span style=\"color: #000000; font-size: 14pt;\"><span style=\"font-family: Georgia,serif;\">\u00abComo autodidacta, <b>desarroll\u00e9 mis propias t\u00e9cnicas para borrar las l\u00edneas<\/b> en los degradados pero no me atrev\u00eda a usar las tijeras para hacer los cortes en la parte superior, hac\u00eda solo lo b\u00e1sico\u00bb, coment\u00f3 el Olivo.<\/span><\/span><\/p>\n<p>Adem\u00e1s de la explicaci\u00f3n y pasos respectivos del proceso, <b>destac\u00f3 su incursi\u00f3n en cortes para damas, colorimetr\u00eda, maquillaje, cuidado de la piel y tratamientos y cuidados para u\u00f1as.<\/b><\/p>\n","protected":false},"excerpt":{"rendered":"<p>**Los saberes emp\u00edricos se muestran en las aulas para fortalecer el intercambio de conocimientos<\/p>\n","protected":false},"author":4,"featured_media":41570,"comment_status":"closed","ping_status":"closed","sticky":false,"template":"","format":"standard","meta":{"footnotes":""},"categories":[2],"tags":[],"class_list":["post-41710","post","type-post","status-publish","format-standard","has-post-thumbnail","hentry","category-blog"],"_links":{"self":[{"href":"https:\/\/inces.gob.ve\/index.php\/wp-json\/wp\/v2\/posts\/41710","targetHints":{"allow":["GET"]}}],"collection":[{"href":"https:\/\/inces.gob.ve\/index.php\/wp-json\/wp\/v2\/posts"}],"about":[{"href":"https:\/\/inces.gob.ve\/index.php\/wp-json\/wp\/v2\/types\/post"}],"author":[{"embeddable":true,"href":"https:\/\/inces.gob.ve\/index.php\/wp-json\/wp\/v2\/users\/4"}],"replies":[{"embeddable":true,"href":"https:\/\/inces.gob.ve\/index.php\/wp-json\/wp\/v2\/comments?post=41710"}],"version-history":[{"count":2,"href":"https:\/\/inces.gob.ve\/index.php\/wp-json\/wp\/v2\/posts\/41710\/revisions"}],"predecessor-version":[{"id":41712,"href":"https:\/\/inces.gob.ve\/index.php\/wp-json\/wp\/v2\/posts\/41710\/revisions\/41712"}],"wp:featuredmedia":[{"embeddable":true,"href":"https:\/\/inces.gob.ve\/index.php\/wp-json\/wp\/v2\/media\/41570"}],"wp:attachment":[{"href":"https:\/\/inces.gob.ve\/index.php\/wp-json\/wp\/v2\/media?parent=41710"}],"wp:term":[{"taxonomy":"category","embeddable":true,"href":"https:\/\/inces.gob.ve\/index.php\/wp-json\/wp\/v2\/categories?post=41710"},{"taxonomy":"post_tag","embeddable":true,"href":"https:\/\/inces.gob.ve\/index.php\/wp-json\/wp\/v2\/tags?post=41710"}],"curies":[{"name":"wp","href":"https:\/\/api.w.org\/{rel}","templated":true}]}}