{"id":41776,"date":"2022-03-18T10:05:30","date_gmt":"2022-03-18T14:05:30","guid":{"rendered":"https:\/\/inces.gob.ve\/?p=41776"},"modified":"2022-03-18T10:05:30","modified_gmt":"2022-03-18T14:05:30","slug":"yaracuy-inces-inicio-talleres-de-formacion-dirigido-a-cooperativas","status":"publish","type":"post","link":"https:\/\/inces.gob.ve\/index.php\/2022\/03\/18\/yaracuy-inces-inicio-talleres-de-formacion-dirigido-a-cooperativas\/","title":{"rendered":"YARACUY | Inces inici\u00f3 talleres de formaci\u00f3n dirigido a cooperativas \u00a0"},"content":{"rendered":"<p style=\"text-align: justify;\"><span style=\"font-size: 14pt;\"><em><strong>***La intenci\u00f3n es fortalecer las debilidades en relaci\u00f3n a principio legal as\u00ed como del \u00e1rea contable y fiscal<\/strong><\/em><\/span><!--more--><\/p>\n<p style=\"text-align: justify;\"><span style=\"font-size: 14pt;\"><strong>YOLAICE VARGAS<\/strong><\/span><\/p>\n<p style=\"text-align: justify;\"><span style=\"font-size: 14pt;\">Con el firme prop\u00f3sito de fortalecer las debilidades en relaci\u00f3n a los principios y fundamentos legales, as\u00ed como del \u00e1rea contable y fiscal de las empresas bajo la figura de cooperativas, el Instituto Nacional de Capacitaci\u00f3n y Educaci\u00f3n Socialista (Inces) Yaracuy, en conjunto con la Superintendencia Nacional de Cooperativas (Sunacop), inici\u00f3 proceso de formaci\u00f3n permanente a los miembros de las mismas.<\/span><\/p>\n<p>&nbsp;<\/p>\n<p style=\"text-align: justify;\"><span style=\"font-size: 14pt;\">Los talleres en una primera fase van dirigidos a 40 participantes pertenecientes a cuatro cooperativas, las cuales est\u00e1n activas en sus funciones y desean cumplir con todos los requerimientos que contemplan las leyes, a fin de trabajar de manera c\u00f3nsona con el Estado Venezolano, as\u00ed lo inform\u00f3 el gerente regional del Inces Yaracuy, Dalvi Torrealba.<\/span><\/p>\n<p>&nbsp;<\/p>\n<p style=\"text-align: justify;\"><span style=\"font-size: 14pt;\">El titular del ente destac\u00f3 que los temas que se ir\u00e1n desarrollando en los talleres son: principios y fundamentos legales; \u00faltimas providencias emitidas por Sunacoop; manejo de finanzas; al tiempo que ser\u00e1n capacitados en todo lo relacionado al \u00e1rea de comercio y servicio.<\/span><\/p>\n<p>&nbsp;<\/p>\n<p style=\"text-align: justify;\"><span style=\"font-size: 14pt;\">Torrealba mencion\u00f3 que las actividades se realizar\u00e1n de manera semipresencial; los d\u00edas martes y viernes en horario de 8:30 a.m. hasta las 12:00 del mediod\u00eda, en las instalaciones del Centro de Formaci\u00f3n Socialista Industrial (CFSI) \u2018San Felipe El Fuerte\u2019 \u00a0y el resto de la semana de manera online, a trav\u00e9s de las diferentes plataformas tecnol\u00f3gicas.<\/span><\/p>\n<p>&nbsp;<\/p>\n<p style=\"text-align: justify;\"><span style=\"font-size: 14pt;\">El gerente regional del Inces Yaracuy asegur\u00f3 que desde el Instituto que dirige se les brinda el apoyo a todas las empresas y cooperativas que deseen capacitar al personal en las diferentes \u00e1reas en aras de mejorar la calidad del servicio que cada una de estas ofrece, al tiempo que permite que los trabajadores crezcan tanto en lo personal como en lo profesional.<\/span><\/p>\n","protected":false},"excerpt":{"rendered":"<p>***La intenci\u00f3n es fortalecer las debilidades en relaci\u00f3n a principio legal as\u00ed como del \u00e1rea contable y fiscal<\/p>\n","protected":false},"author":4,"featured_media":41780,"comment_status":"closed","ping_status":"closed","sticky":false,"template":"","format":"standard","meta":{"footnotes":""},"categories":[2],"tags":[],"class_list":["post-41776","post","type-post","status-publish","format-standard","has-post-thumbnail","hentry","category-blog"],"_links":{"self":[{"href":"https:\/\/inces.gob.ve\/index.php\/wp-json\/wp\/v2\/posts\/41776","targetHints":{"allow":["GET"]}}],"collection":[{"href":"https:\/\/inces.gob.ve\/index.php\/wp-json\/wp\/v2\/posts"}],"about":[{"href":"https:\/\/inces.gob.ve\/index.php\/wp-json\/wp\/v2\/types\/post"}],"author":[{"embeddable":true,"href":"https:\/\/inces.gob.ve\/index.php\/wp-json\/wp\/v2\/users\/4"}],"replies":[{"embeddable":true,"href":"https:\/\/inces.gob.ve\/index.php\/wp-json\/wp\/v2\/comments?post=41776"}],"version-history":[{"count":1,"href":"https:\/\/inces.gob.ve\/index.php\/wp-json\/wp\/v2\/posts\/41776\/revisions"}],"predecessor-version":[{"id":41781,"href":"https:\/\/inces.gob.ve\/index.php\/wp-json\/wp\/v2\/posts\/41776\/revisions\/41781"}],"wp:featuredmedia":[{"embeddable":true,"href":"https:\/\/inces.gob.ve\/index.php\/wp-json\/wp\/v2\/media\/41780"}],"wp:attachment":[{"href":"https:\/\/inces.gob.ve\/index.php\/wp-json\/wp\/v2\/media?parent=41776"}],"wp:term":[{"taxonomy":"category","embeddable":true,"href":"https:\/\/inces.gob.ve\/index.php\/wp-json\/wp\/v2\/categories?post=41776"},{"taxonomy":"post_tag","embeddable":true,"href":"https:\/\/inces.gob.ve\/index.php\/wp-json\/wp\/v2\/tags?post=41776"}],"curies":[{"name":"wp","href":"https:\/\/api.w.org\/{rel}","templated":true}]}}