{"id":41782,"date":"2022-03-18T11:34:00","date_gmt":"2022-03-18T15:34:00","guid":{"rendered":"https:\/\/inces.gob.ve\/?p=41782"},"modified":"2022-03-18T11:34:00","modified_gmt":"2022-03-18T15:34:00","slug":"amazonas-inces-realiza-jornada-de-certificacion-y-acreditacion-de-saberes","status":"publish","type":"post","link":"https:\/\/inces.gob.ve\/index.php\/2022\/03\/18\/amazonas-inces-realiza-jornada-de-certificacion-y-acreditacion-de-saberes\/","title":{"rendered":"AMAZONAS | Inces realiza jornada de certificaci\u00f3n y acreditaci\u00f3n de saberes"},"content":{"rendered":"<p style=\"font-weight: 400; text-align: justify;\"><span style=\"font-size: 14pt;\"><em><strong>** Para certificar a una persona, esta debe demostrar conocimientos te\u00f3ricos y pr\u00e1cticos<\/strong><\/em><\/span><br \/>\n<!--more--><\/p>\n<p>&nbsp;<\/p>\n<p style=\"font-weight: 400; text-align: justify;\"><strong><span style=\"font-size: 14pt;\">F\u00c9LIZ RUIZ<\/span><\/strong><\/p>\n<p style=\"font-weight: 400; text-align: justify;\"><span style=\"font-size: 14pt;\">Se desarroll\u00f3 una extraordinaria Jornada de Certificaci\u00f3n y Acreditaci\u00f3n de Saberes en los espacios del Centro de Formaci\u00f3n Socialista Casique Aramare, ubicado en la Urb. Monse\u00f1or Segundo Garcia.<\/span><\/p>\n<p>&nbsp;<\/p>\n<p style=\"font-weight: 400; text-align: justify;\"><span style=\"font-size: 14pt;\">Inces Amazonas abri\u00f3 sus puertas para recibir a maestros y maestras de nuestro municipio de diferentes centros educativos, atendiendo de esta manera a un total de nueve colegios.<\/span><\/p>\n<p>&nbsp;<\/p>\n<p style=\"font-weight: 400; text-align: justify;\"><span style=\"font-size: 14pt;\">Algunas de las \u00e1reas que se certificaron fueron corte y costura, productos farmac\u00e9uticos, huertos escolares, idiomas, herramientas pedag\u00f3gicas entre otras.<\/span><\/p>\n<p>&nbsp;<\/p>\n<p style=\"font-weight: 400; text-align: justify;\"><span style=\"font-size: 14pt;\">Dicho evento conto con la participaci\u00f3n de los maestros t\u00e9cnicos profesional y coordinadores de las diferentes \u00e1reas.<\/span><\/p>\n<p>&nbsp;<\/p>\n<p style=\"font-weight: 400; text-align: justify;\"><span style=\"font-size: 14pt;\">Cabe mencionar que la certificaci\u00f3n y acreditaci\u00f3n de conocimiento es una alternativa que da el Inces para aquellas personas que de manera emp\u00edrica o ancestral ejercen una ocupaci\u00f3n productiva.<\/span><\/p>\n<p>&nbsp;<\/p>\n<p style=\"font-weight: 400; text-align: justify;\"><span style=\"font-size: 14pt;\">Los sujetos caracterizados participan en una entrevista r\u00e1pida donde demuestran sus conocimientos de manera teor\u00eda y practica, lo cual es evaluado por el personal Inces, para que posteriormente se le entregue un certificado avalando de esta manera su destreza.<\/span><\/p>\n","protected":false},"excerpt":{"rendered":"<p>** Para certificar a una persona, esta debe demostrar conocimientos te\u00f3ricos y pr\u00e1cticos<\/p>\n","protected":false},"author":4,"featured_media":41783,"comment_status":"closed","ping_status":"closed","sticky":false,"template":"","format":"standard","meta":{"footnotes":""},"categories":[2],"tags":[],"class_list":["post-41782","post","type-post","status-publish","format-standard","has-post-thumbnail","hentry","category-blog"],"_links":{"self":[{"href":"https:\/\/inces.gob.ve\/index.php\/wp-json\/wp\/v2\/posts\/41782","targetHints":{"allow":["GET"]}}],"collection":[{"href":"https:\/\/inces.gob.ve\/index.php\/wp-json\/wp\/v2\/posts"}],"about":[{"href":"https:\/\/inces.gob.ve\/index.php\/wp-json\/wp\/v2\/types\/post"}],"author":[{"embeddable":true,"href":"https:\/\/inces.gob.ve\/index.php\/wp-json\/wp\/v2\/users\/4"}],"replies":[{"embeddable":true,"href":"https:\/\/inces.gob.ve\/index.php\/wp-json\/wp\/v2\/comments?post=41782"}],"version-history":[{"count":1,"href":"https:\/\/inces.gob.ve\/index.php\/wp-json\/wp\/v2\/posts\/41782\/revisions"}],"predecessor-version":[{"id":41784,"href":"https:\/\/inces.gob.ve\/index.php\/wp-json\/wp\/v2\/posts\/41782\/revisions\/41784"}],"wp:featuredmedia":[{"embeddable":true,"href":"https:\/\/inces.gob.ve\/index.php\/wp-json\/wp\/v2\/media\/41783"}],"wp:attachment":[{"href":"https:\/\/inces.gob.ve\/index.php\/wp-json\/wp\/v2\/media?parent=41782"}],"wp:term":[{"taxonomy":"category","embeddable":true,"href":"https:\/\/inces.gob.ve\/index.php\/wp-json\/wp\/v2\/categories?post=41782"},{"taxonomy":"post_tag","embeddable":true,"href":"https:\/\/inces.gob.ve\/index.php\/wp-json\/wp\/v2\/tags?post=41782"}],"curies":[{"name":"wp","href":"https:\/\/api.w.org\/{rel}","templated":true}]}}