{"id":41804,"date":"2022-03-21T07:07:33","date_gmt":"2022-03-21T11:07:33","guid":{"rendered":"https:\/\/inces.gob.ve\/?p=41804"},"modified":"2022-03-21T07:07:33","modified_gmt":"2022-03-21T11:07:33","slug":"yaracuy-inces-inicia-taller-de-seguridad-industrial-dirigido-a-estudiantes-de-la-uptab","status":"publish","type":"post","link":"https:\/\/inces.gob.ve\/index.php\/2022\/03\/21\/yaracuy-inces-inicia-taller-de-seguridad-industrial-dirigido-a-estudiantes-de-la-uptab\/","title":{"rendered":"YARACUY | Inces inicia taller\u00a0 de Seguridad Industrial dirigido a estudiantes de la UPTAB"},"content":{"rendered":"<p style=\"text-align: justify;\"><span style=\"font-size: 14pt;\"><em><strong>***El taller contempla 20 horas acad\u00e9micas y se abordar\u00e1n diversos temas<\/strong> <\/em><\/span><!--more--><\/p>\n<p style=\"text-align: justify;\"><span style=\"font-size: 14pt;\">\u00a0<strong>YOLAICE VARGAS<\/strong><\/span><\/p>\n<p style=\"text-align: justify;\"><span style=\"font-size: 14pt;\">En aras de fortalecer los conocimientos de los estudiantes del Programa de Formaci\u00f3n Seguridad Industrial, de la Universidad Polit\u00e9cnica Territorial Ar\u00edstides Bastidas, El Instituto Nacional de Capacitaci\u00f3n y Educaci\u00f3n Socialista (Inces) Yaracuy dio inicio al curso \u2018Seguridad Industrial y Ambiente de Trabajo\u2019 el cual cuenta con 20 participantes.<\/span><\/p>\n<p style=\"text-align: justify;\">\n<p style=\"text-align: justify;\"><span style=\"font-size: 14pt;\">La informaci\u00f3n la dio a conocer el gerente regional del Inces Yaracuy, Dalvi Torrealba, quien destac\u00f3 que durante 20 horas acad\u00e9micas se abordar\u00e1n diversos temas y talleres que permitan ampliar el conocimiento que posee cada uno de los participantes. Asimismo, refiri\u00f3 que en el taller no solo participan estudiantes sino tambi\u00e9n profesionales en el \u00e1rea<\/span><\/p>\n<p>&nbsp;<\/p>\n<p style=\"text-align: justify;\"><span style=\"font-size: 14pt;\">Torrealba expres\u00f3 que, el ente que dirige tiene alianzas con las instituciones p\u00fablicas y privadas, con el fin de coadyuvar en los procesos formativos y productivos de la naci\u00f3n, lo que permite desde esa trinchera apoyar en la construcci\u00f3n de la nueva etapa econ\u00f3mica y sumar al desarrollo del pa\u00eds.<\/span><\/p>\n<p>&nbsp;<\/p>\n<p style=\"text-align: justify;\"><span style=\"font-size: 14pt;\">En tal sentido exhort\u00f3 a todos aquellas empresas, compa\u00f1\u00edas, instituciones del estado, entre otros, que est\u00e9n interesados en avanzar en cuanto a la formaci\u00f3n y capacitaci\u00f3n de su personal, pueden dirigirse a la sede del Centro de Formaci\u00f3n Socialista Industrial (CFSI), \u2018San Felipe El Fuerte\u2019 y solicitar las inducciones que el Inces ofrece, en cualquiera de los programas de formaci\u00f3n.<\/span><\/p>\n<p>&nbsp;<\/p>\n<p style=\"text-align: justify;\"><span style=\"font-size: 14pt;\">Por su parte Julio Guti\u00e9rrez, estudiante de la UPTAB del PNF Seguridad Industrial, mencion\u00f3 que el taller es din\u00e1mico y \u00fatil acorde a la necesidad que tienen como estudiantes y futuros profesionales, de conocer y aprender acerca de todas las posibles causas de riesgos que se presentan dentro de un ambiente laboral, para minimizar las posibles causas de accidentes laborales y desarrollar de manera m\u00e1s efectiva su ejercicio profesional<\/span><\/p>\n","protected":false},"excerpt":{"rendered":"<p>***El taller contempla 20 horas acad\u00e9micas y se abordar\u00e1n diversos temas<\/p>\n","protected":false},"author":4,"featured_media":41805,"comment_status":"closed","ping_status":"closed","sticky":false,"template":"","format":"standard","meta":{"footnotes":""},"categories":[2],"tags":[],"class_list":["post-41804","post","type-post","status-publish","format-standard","has-post-thumbnail","hentry","category-blog"],"_links":{"self":[{"href":"https:\/\/inces.gob.ve\/index.php\/wp-json\/wp\/v2\/posts\/41804","targetHints":{"allow":["GET"]}}],"collection":[{"href":"https:\/\/inces.gob.ve\/index.php\/wp-json\/wp\/v2\/posts"}],"about":[{"href":"https:\/\/inces.gob.ve\/index.php\/wp-json\/wp\/v2\/types\/post"}],"author":[{"embeddable":true,"href":"https:\/\/inces.gob.ve\/index.php\/wp-json\/wp\/v2\/users\/4"}],"replies":[{"embeddable":true,"href":"https:\/\/inces.gob.ve\/index.php\/wp-json\/wp\/v2\/comments?post=41804"}],"version-history":[{"count":1,"href":"https:\/\/inces.gob.ve\/index.php\/wp-json\/wp\/v2\/posts\/41804\/revisions"}],"predecessor-version":[{"id":41806,"href":"https:\/\/inces.gob.ve\/index.php\/wp-json\/wp\/v2\/posts\/41804\/revisions\/41806"}],"wp:featuredmedia":[{"embeddable":true,"href":"https:\/\/inces.gob.ve\/index.php\/wp-json\/wp\/v2\/media\/41805"}],"wp:attachment":[{"href":"https:\/\/inces.gob.ve\/index.php\/wp-json\/wp\/v2\/media?parent=41804"}],"wp:term":[{"taxonomy":"category","embeddable":true,"href":"https:\/\/inces.gob.ve\/index.php\/wp-json\/wp\/v2\/categories?post=41804"},{"taxonomy":"post_tag","embeddable":true,"href":"https:\/\/inces.gob.ve\/index.php\/wp-json\/wp\/v2\/tags?post=41804"}],"curies":[{"name":"wp","href":"https:\/\/api.w.org\/{rel}","templated":true}]}}