{"id":41815,"date":"2022-03-21T07:41:34","date_gmt":"2022-03-21T11:41:34","guid":{"rendered":"https:\/\/inces.gob.ve\/?p=41815"},"modified":"2022-03-21T07:41:34","modified_gmt":"2022-03-21T11:41:34","slug":"la-guaira-se-efectuo-reunion-entre-personal-de-inces-y-zona-educativa","status":"publish","type":"post","link":"https:\/\/inces.gob.ve\/index.php\/2022\/03\/21\/la-guaira-se-efectuo-reunion-entre-personal-de-inces-y-zona-educativa\/","title":{"rendered":"LA GUAIRA | Se efectu\u00f3 reuni\u00f3n entre personal de Inces y Zona Educativa"},"content":{"rendered":"<p align=\"justify\"><span style=\"font-size: 14pt;\"><em><span style=\"font-family: Arial, serif;\"><b>** El objetivo del encuentro fue continuar <\/b><\/span><span style=\"font-family: Arial, serif;\"><b>abordando las instituciones educativas<\/b><\/span><\/em><!--more--><\/span><\/p>\n<p align=\"justify\">\n<p align=\"justify\"><span style=\"font-size: 14pt;\"><span style=\"font-family: Arial, serif;\">Para dar continuidad al proceso de abordaje en el \u00e1mbito de instituciones educativas que se ha venido desarrollando desde el mes de febrero, el gerente del Inces La Guaira, Gibran Henr\u00edquez y la <\/span><span style=\"font-family: Arial, serif;\">j<\/span><span style=\"font-family: Arial, serif;\">efa de Formaci\u00f3n, Vanessa Hern\u00e1ndez, tuvieron un encuentro con personal de la Zona Educativa. <\/span><\/span><\/p>\n<p align=\"justify\">\n<p align=\"justify\"><span style=\"font-family: Arial, serif; font-size: 14pt;\">Estos abordajes se han llevado a cabo desde la parroquia Carayaca hasta la parroquia Naiguat\u00e1 en aras de que posteriormente se realice la jornada de acreditaci\u00f3n de saberes seg\u00fan el perfil productivo.<\/span><\/p>\n<p align=\"justify\">\n<p align=\"justify\"><span style=\"font-size: 14pt;\">\u201c<span style=\"font-family: Arial, serif;\">Nos encontramos en la organizaci\u00f3n de los expedientes de caracterizaci\u00f3n para efectuar la jornada de acreditaci\u00f3n de saberes por perfil productivo a docentes de CRP\u201d, indic\u00f3 Hern\u00e1ndez.<\/span><\/span><\/p>\n<p align=\"justify\">\n<p align=\"justify\"><span style=\"font-size: 14pt;\"><span style=\"font-family: Arial, serif;\">En esta reuni\u00f3n se destac\u00f3 el posible convenio con la Zona Educativa con el fin de que a trav\u00e9s de las instituciones educativas (<\/span><span style=\"font-family: Arial, serif;\">e<\/span><span style=\"font-family: Arial, serif;\">scuelas o liceos), el Inces cuente con aulas para desarrollar las formaciones que brinda la instituci\u00f3n (<\/span><span style=\"font-family: Arial, serif;\">c<\/span><span style=\"font-family: Arial, serif;\">ursos, talleres, as\u00ed como tambi\u00e9n las jornadas de caracterizaci\u00f3n y acreditaci\u00f3n).<\/span><\/span><\/p>\n<p align=\"justify\">\n<p align=\"justify\"><span style=\"font-size: 14pt;\">\u201c<span style=\"font-family: Arial, serif;\">Desde el Inces estamos trazando una iniciativa para comenzar los cursos 2022 en las distintas instituciones educativas de las parroquias del estado\u201d destac\u00f3 el gerente del Inces.<\/span><\/span><\/p>\n<p align=\"justify\">\n<p align=\"justify\"><span style=\"font-family: Arial, serif; font-size: 14pt;\">As\u00ed mismo, se acord\u00f3 remitir los datos pertinentes para dar inicio al proceso de caracterizaci\u00f3n para la captaci\u00f3n de las comunidades y de esta manera fortalecer el \u00e1mbito \u201cComunas Comunidad\u201d \/ YC. <\/span><\/p>\n<p align=\"justify\">\n","protected":false},"excerpt":{"rendered":"<p>** El objetivo del encuentro fue continuar abordando las instituciones educativas<\/p>\n","protected":false},"author":4,"featured_media":41816,"comment_status":"closed","ping_status":"closed","sticky":false,"template":"","format":"standard","meta":{"footnotes":""},"categories":[2],"tags":[],"class_list":["post-41815","post","type-post","status-publish","format-standard","has-post-thumbnail","hentry","category-blog"],"_links":{"self":[{"href":"https:\/\/inces.gob.ve\/index.php\/wp-json\/wp\/v2\/posts\/41815","targetHints":{"allow":["GET"]}}],"collection":[{"href":"https:\/\/inces.gob.ve\/index.php\/wp-json\/wp\/v2\/posts"}],"about":[{"href":"https:\/\/inces.gob.ve\/index.php\/wp-json\/wp\/v2\/types\/post"}],"author":[{"embeddable":true,"href":"https:\/\/inces.gob.ve\/index.php\/wp-json\/wp\/v2\/users\/4"}],"replies":[{"embeddable":true,"href":"https:\/\/inces.gob.ve\/index.php\/wp-json\/wp\/v2\/comments?post=41815"}],"version-history":[{"count":1,"href":"https:\/\/inces.gob.ve\/index.php\/wp-json\/wp\/v2\/posts\/41815\/revisions"}],"predecessor-version":[{"id":41817,"href":"https:\/\/inces.gob.ve\/index.php\/wp-json\/wp\/v2\/posts\/41815\/revisions\/41817"}],"wp:featuredmedia":[{"embeddable":true,"href":"https:\/\/inces.gob.ve\/index.php\/wp-json\/wp\/v2\/media\/41816"}],"wp:attachment":[{"href":"https:\/\/inces.gob.ve\/index.php\/wp-json\/wp\/v2\/media?parent=41815"}],"wp:term":[{"taxonomy":"category","embeddable":true,"href":"https:\/\/inces.gob.ve\/index.php\/wp-json\/wp\/v2\/categories?post=41815"},{"taxonomy":"post_tag","embeddable":true,"href":"https:\/\/inces.gob.ve\/index.php\/wp-json\/wp\/v2\/tags?post=41815"}],"curies":[{"name":"wp","href":"https:\/\/api.w.org\/{rel}","templated":true}]}}