{"id":41818,"date":"2022-03-21T07:44:43","date_gmt":"2022-03-21T11:44:43","guid":{"rendered":"https:\/\/inces.gob.ve\/?p=41818"},"modified":"2022-03-21T07:44:43","modified_gmt":"2022-03-21T11:44:43","slug":"los-andes-inces-ha-reparado-141-mesa-sillas-en-escuelas-meridenas-durante-el-2022","status":"publish","type":"post","link":"https:\/\/inces.gob.ve\/index.php\/2022\/03\/21\/los-andes-inces-ha-reparado-141-mesa-sillas-en-escuelas-meridenas-durante-el-2022\/","title":{"rendered":"LOS ANDES | Inces ha reparado 141 mesa-sillas en escuelas meride\u00f1as durante el 2022"},"content":{"rendered":"<p style=\"text-align: justify;\"><strong><span style=\"font-family: Arial, serif; font-size: 14pt;\"><i>**La brigada de mantenimiento del Inces realiza los trabajos de reparaci\u00f3n bajo la coordinaci\u00f3n de la Zona Educativa y la Gobernaci\u00f3n del estado M\u00e9rida<\/i><\/span><\/strong><!--more--><\/p>\n<p style=\"text-align: justify;\">\n<p style=\"text-align: justify;\"><span style=\"font-family: Arial, serif; font-size: 14pt;\"><b>NADIA LOBO<\/b><\/span><\/p>\n<p style=\"text-align: justify;\"><span style=\"font-family: Arial, serif; font-size: 14pt;\">Siguiendo las orientaciones del presidente Nicol\u00e1s Maduro, el Inces-M\u00e9rida participa en los planes de reparaci\u00f3n de mesas-sillas y en el mantenimiento de las primeras seis instituciones educativas priorizadas para el inicio del a\u00f1o 2022, a trav\u00e9s de \u00abUna gota de amor para mi escuela\u201d.<\/span><\/p>\n<p>&nbsp;<\/p>\n<p style=\"text-align: justify;\"><span style=\"font-family: Arial, serif; font-size: 14pt;\">As\u00ed lo inform\u00f3 el gerente regional del Inces-M\u00e9rida, Geldrit Roca, quien destac\u00f3 el trabajo de la brigada de mantenimiento de esta instituci\u00f3n, conformada por trabajadores de la Divisi\u00f3n de Infraestructura y maestros t\u00e9cnicos productivos (MTP) del \u00e1rea de herrer\u00eda y carpinter\u00eda, logrando la reparaci\u00f3n de las primeras 141 mesas-sillas.<\/span><\/p>\n<p>&nbsp;<\/p>\n<p style=\"text-align: justify;\"><span style=\"font-family: Arial, serif; font-size: 14pt;\">En esta oportunidad, se\u00f1al\u00f3 Roca, se atendieron las primeras seis escuelas: Jard\u00edn de Infancia Cinco \u00c1guilas; U.E.B. Sierra La Culata; Escuela Los Maitines; U.E. Fray Juan Ramos de Lora; Escuela Josefa Molina; U.E. Gabriel Pic\u00f3n Salas, as\u00ed como tambi\u00e9n se ejecutaron algunas reparaciones en la sede de la Zona Educativa N\u00b0 14 de M\u00e9rida.<\/span><\/p>\n<p>&nbsp;<\/p>\n<p style=\"text-align: justify;\"><a name=\"_GoBack\"><\/a><span style=\"font-size: 14pt;\"> \u201c<span style=\"font-family: Arial, serif;\">En estas escuelas se realizaron trabajos de herrer\u00eda y carpinter\u00eda, el\u00e9ctricas, inspecci\u00f3n en la impermeabilizaci\u00f3n de techos, soldaduras de rejas, reparaciones de puertas, ventanas y portones, entre otros resarcimientos\u201d, explic\u00f3 el titular del Inces.<\/span><\/span><\/p>\n<p>&nbsp;<\/p>\n<p style=\"text-align: justify;\"><span style=\"font-family: Arial, serif; font-size: 14pt;\">Indic\u00f3 igualmente que son instrucciones precisas tanto de la ministra del Poder Popular para la Educaci\u00f3n (ME), Yelitze Santaella como del viceministro y presidente del Inces, Wuikelman Angel Paredes, brindar la atenci\u00f3n y ejecutar reparaciones y mantenimiento en las instituciones educativas ubicadas a lo largo y ancho de la entidad meride\u00f1a.<\/span><\/p>\n","protected":false},"excerpt":{"rendered":"<p>**La brigada de mantenimiento del Inces realiza los trabajos de reparaci\u00f3n bajo la coordinaci\u00f3n de la Zona Educativa y la Gobernaci\u00f3n del estado M\u00e9rida<\/p>\n","protected":false},"author":4,"featured_media":41819,"comment_status":"closed","ping_status":"closed","sticky":false,"template":"","format":"standard","meta":{"footnotes":""},"categories":[2],"tags":[],"class_list":["post-41818","post","type-post","status-publish","format-standard","has-post-thumbnail","hentry","category-blog"],"_links":{"self":[{"href":"https:\/\/inces.gob.ve\/index.php\/wp-json\/wp\/v2\/posts\/41818","targetHints":{"allow":["GET"]}}],"collection":[{"href":"https:\/\/inces.gob.ve\/index.php\/wp-json\/wp\/v2\/posts"}],"about":[{"href":"https:\/\/inces.gob.ve\/index.php\/wp-json\/wp\/v2\/types\/post"}],"author":[{"embeddable":true,"href":"https:\/\/inces.gob.ve\/index.php\/wp-json\/wp\/v2\/users\/4"}],"replies":[{"embeddable":true,"href":"https:\/\/inces.gob.ve\/index.php\/wp-json\/wp\/v2\/comments?post=41818"}],"version-history":[{"count":1,"href":"https:\/\/inces.gob.ve\/index.php\/wp-json\/wp\/v2\/posts\/41818\/revisions"}],"predecessor-version":[{"id":41820,"href":"https:\/\/inces.gob.ve\/index.php\/wp-json\/wp\/v2\/posts\/41818\/revisions\/41820"}],"wp:featuredmedia":[{"embeddable":true,"href":"https:\/\/inces.gob.ve\/index.php\/wp-json\/wp\/v2\/media\/41819"}],"wp:attachment":[{"href":"https:\/\/inces.gob.ve\/index.php\/wp-json\/wp\/v2\/media?parent=41818"}],"wp:term":[{"taxonomy":"category","embeddable":true,"href":"https:\/\/inces.gob.ve\/index.php\/wp-json\/wp\/v2\/categories?post=41818"},{"taxonomy":"post_tag","embeddable":true,"href":"https:\/\/inces.gob.ve\/index.php\/wp-json\/wp\/v2\/tags?post=41818"}],"curies":[{"name":"wp","href":"https:\/\/api.w.org\/{rel}","templated":true}]}}