{"id":41825,"date":"2022-03-22T11:41:59","date_gmt":"2022-03-22T15:41:59","guid":{"rendered":"https:\/\/inces.gob.ve\/?p=41825"},"modified":"2022-03-22T11:45:31","modified_gmt":"2022-03-22T15:45:31","slug":"aragua-la-salud-es-tema-primordial-en-el-inces","status":"publish","type":"post","link":"https:\/\/inces.gob.ve\/index.php\/2022\/03\/22\/aragua-la-salud-es-tema-primordial-en-el-inces\/","title":{"rendered":"ARAGUA | La salud es tema primordial en el Inces"},"content":{"rendered":"<p style=\"text-align: justify;\"><span style=\"font-size: 14pt;\"><span style=\"font-family: Georgia,serif;\"><i><b>** Fortalecer el m\u00fasculo productivo desde el bienestar integral de los trabajadores es importante para el desarrollo econ\u00f3mico del pa\u00eds<\/b><\/i><\/span><!--more--><\/span><\/p>\n<p style=\"text-align: justify;\"><span style=\"font-family: Georgia,serif; font-size: 14pt;\">NINOSKA PATRIZ<\/span><\/p>\n<p style=\"text-align: justify;\"><span style=\"font-family: Georgia,serif; font-size: 14pt;\">El Inces Regi\u00f3n Aragua acompa\u00f1\u00f3 la Mega Jornada de Salud realizada en el liceo Agust\u00edn Codazzi, ubicado en Maracay, municipio Girardot. Con gran entusiasmo se observ\u00f3 la llegada constante de personas y en consecuencia largas colas, pero con r\u00e1pida atenci\u00f3n.<\/span><\/p>\n<p style=\"text-align: justify;\"><span style=\"font-family: Georgia,serif; font-size: 14pt;\">Contando con las medidas de bioseguridad correspondientes, el evento inici\u00f3 alrededor de las 9:00 a.m. y se extendi\u00f3 hasta entradas horas de la tarde, con m\u00e1s de 200 personas atendidas. Fue considerado todo un \u00e9xito para los presentes.<\/span><\/p>\n<p style=\"text-align: justify;\"><span style=\"font-family: Georgia,serif; font-size: 14pt;\">La actividad cont\u00f3 con la presencia de la ministra de Educaci\u00f3n, Yelitze Santaella y la Autoridad \u00danica en Educaci\u00f3n, el profesor Leonardo Alvarado. Junto a ellos estuvo el gerente regional del Inces Aragua, Oliver Medina y parte de su equipo de trabajo.<\/span><\/p>\n<p style=\"text-align: justify;\"><span style=\"font-family: Georgia,serif; font-size: 14pt;\">Los mismos realizaron un recorrido por las instalaciones y supervisaron de primera mano la atenci\u00f3n brindada por el personal de salud, as\u00ed como la seguridad y la satisfacci\u00f3n de los asistentes, quienes se mostraron agradecidos por la Jornada con el Gobierno Bolivariano de Aragua.<\/span><\/p>\n<p style=\"text-align: justify;\"><span style=\"font-family: Georgia,serif; font-size: 14pt;\">Esta Jornada permiti\u00f3 que los asistentes, es decir educadores, tanto de la Zona Educativa de Aragua, como trabajadores del Inces recibieran atenci\u00f3n primaria en diversas \u00e1reas de la salud, como:<\/span><\/p>\n<p style=\"text-align: justify;\"><span style=\"font-family: Georgia,serif; font-size: 14pt;\">* Ginecolog\u00eda.<\/span><\/p>\n<p style=\"text-align: justify;\"><span style=\"font-family: Georgia,serif; font-size: 14pt;\">* Medicina general, interna y familiar.<\/span><\/p>\n<p style=\"text-align: justify;\"><span style=\"font-family: Georgia,serif; font-size: 14pt;\">* Vacunaci\u00f3n: Toxoides, Fiebre Amarilla.<\/span><\/p>\n<p style=\"text-align: justify;\"><span style=\"font-family: Georgia,serif; font-size: 14pt;\">* Odontolog\u00eda.<\/span><\/p>\n<p style=\"text-align: justify;\"><span style=\"font-family: Georgia,serif; font-size: 14pt;\">* Urolog\u00eda.<\/span><\/p>\n<p style=\"text-align: justify;\"><span style=\"font-family: Georgia,serif; font-size: 14pt;\">* Consultas: Psicolog\u00eda y Psiquiatr\u00eda.<\/span><\/p>\n<p style=\"text-align: justify;\"><span style=\"font-family: Georgia,serif; font-size: 14pt;\">* Cirug\u00edas menores.<\/span><\/p>\n<p style=\"text-align: justify;\"><span style=\"font-family: Georgia,serif; font-size: 14pt;\">* Laboratorios.<\/span><\/p>\n<p style=\"text-align: justify;\"><span style=\"font-family: Georgia,serif; font-size: 14pt;\">* Otros.<\/span><\/p>\n","protected":false},"excerpt":{"rendered":"<p>** Fortalecer el m\u00fasculo productivo desde el bienestar integral de los trabajadores es importante para el desarrollo econ\u00f3mico del pa\u00eds<\/p>\n","protected":false},"author":4,"featured_media":41826,"comment_status":"closed","ping_status":"closed","sticky":false,"template":"","format":"standard","meta":{"footnotes":""},"categories":[2],"tags":[],"class_list":["post-41825","post","type-post","status-publish","format-standard","has-post-thumbnail","hentry","category-blog"],"_links":{"self":[{"href":"https:\/\/inces.gob.ve\/index.php\/wp-json\/wp\/v2\/posts\/41825","targetHints":{"allow":["GET"]}}],"collection":[{"href":"https:\/\/inces.gob.ve\/index.php\/wp-json\/wp\/v2\/posts"}],"about":[{"href":"https:\/\/inces.gob.ve\/index.php\/wp-json\/wp\/v2\/types\/post"}],"author":[{"embeddable":true,"href":"https:\/\/inces.gob.ve\/index.php\/wp-json\/wp\/v2\/users\/4"}],"replies":[{"embeddable":true,"href":"https:\/\/inces.gob.ve\/index.php\/wp-json\/wp\/v2\/comments?post=41825"}],"version-history":[{"count":2,"href":"https:\/\/inces.gob.ve\/index.php\/wp-json\/wp\/v2\/posts\/41825\/revisions"}],"predecessor-version":[{"id":41828,"href":"https:\/\/inces.gob.ve\/index.php\/wp-json\/wp\/v2\/posts\/41825\/revisions\/41828"}],"wp:featuredmedia":[{"embeddable":true,"href":"https:\/\/inces.gob.ve\/index.php\/wp-json\/wp\/v2\/media\/41826"}],"wp:attachment":[{"href":"https:\/\/inces.gob.ve\/index.php\/wp-json\/wp\/v2\/media?parent=41825"}],"wp:term":[{"taxonomy":"category","embeddable":true,"href":"https:\/\/inces.gob.ve\/index.php\/wp-json\/wp\/v2\/categories?post=41825"},{"taxonomy":"post_tag","embeddable":true,"href":"https:\/\/inces.gob.ve\/index.php\/wp-json\/wp\/v2\/tags?post=41825"}],"curies":[{"name":"wp","href":"https:\/\/api.w.org\/{rel}","templated":true}]}}