{"id":41857,"date":"2022-03-22T16:18:02","date_gmt":"2022-03-22T20:18:02","guid":{"rendered":"https:\/\/inces.gob.ve\/?p=41857"},"modified":"2022-03-22T16:34:06","modified_gmt":"2022-03-22T20:34:06","slug":"trujillo-inces-rinde-tributo-a-prieto-figueroa","status":"publish","type":"post","link":"https:\/\/inces.gob.ve\/index.php\/2022\/03\/22\/trujillo-inces-rinde-tributo-a-prieto-figueroa\/","title":{"rendered":"TRUJILLO | Inces rinde tributo a Prieto Figueroa"},"content":{"rendered":"<p style=\"text-align: justify;\"><span style=\"font-size: 14pt;\"><span style=\"color: #000000;\"><span style=\"font-family: Georgia,serif;\"><i><b>** Las autoridades del Inces Trujillo tributa la memoria del fundador de la instituci\u00f3n, quien el pasado 14 de Marzo arribar\u00eda a 120 a\u00f1os de nacimiento, evento que se llev\u00f3 a cabo en la sede del CFS \u201cAli Primera\u201d en las actividades de reapertura del Lunes C\u00edvico<\/b><\/i><\/span><\/span><!--more--><\/span><\/p>\n<p style=\"text-align: justify;\"><span style=\"color: #000000; font-size: 14pt;\"><span style=\"font-family: Georgia,serif;\">MAR\u00cdA CABRERA<\/span><\/span><\/p>\n<p style=\"text-align: justify;\"><span style=\"color: #000000; font-size: 14pt;\"><span style=\"font-family: Georgia,serif;\">El Instituto Nacional de Capacitaci\u00f3n y Educaci\u00f3n Socialista de Trujillo celebr\u00f3 durante la actividad de reapertura del Lunes C\u00edvico el natalicio del doctor Luis Beltr\u00e1n Prieto Figueroa, quien este 14 de marzo cumpli\u00f3 120 a\u00f1os desde su\u00a0natalicio , fecha por dem\u00e1s relevante para quienes laboran en este organismo.<\/span><\/span><\/p>\n<p style=\"text-align: justify;\" align=\"justify\"><span style=\"color: #000000; font-size: 14pt;\"><span style=\"font-family: Georgia,serif;\">El maestro Prieto Figueroa, figura descollante de la educaci\u00f3n nacional y creador y fundador del Instituto Nacional de Capacitaci\u00f3n y Educaci\u00f3n Socialista, otrora Ince, es un personaje que siempre estado ha estado presente en la memoria y recuerdo de los trabajadores, por ello cuando se inform\u00f3 que se le iba a rendir un tributo, el ahora Inces, no escatimo en realizarlo.<\/span><\/span><\/p>\n<p style=\"text-align: justify;\" align=\"justify\"><span style=\"color: #000000; font-size: 14pt;\"><span style=\"font-family: Georgia,serif;\">Y qu\u00e9 mejor momento que el Lunes C\u00edvico para aprovechar entre familia recordar al \u201cMaestro de Maestros\u201d, siempre presente en cada uno de los rincones de este organismo, entre los trabajadores y participantes que tuvieron la oportunidad de estrechar su mano y compartir con un personaje de val\u00eda excepcional.<\/span><\/span><\/p>\n<p style=\"text-align: justify;\" align=\"justify\"><span style=\"color: #000000; font-size: 14pt;\"><span style=\"font-family: Georgia,serif;\">Las autoridades regionales del Inces-Trujillo, en esto en aras de cumplir con esta fecha, dado que el Consejo Legislativo del Estado Trujillo emiti\u00f3 un acuerdo en memoria de este insigne venezolano con motivo de su natalicio 120, consider\u00f3 el mismo y dentro de su programaci\u00f3n le rindi\u00f3 tributo a su fundador.<\/span><\/span><\/p>\n<p style=\"text-align: justify;\" align=\"justify\"><span style=\"color: #000000; font-size: 14pt;\"><span style=\"font-family: Georgia,serif;\">Por tal raz\u00f3n, en el patio central del Centro de Formaci\u00f3n Socialista \u201cAli Primera\u201d se organiz\u00f3 la actividad que cont\u00f3 adem\u00e1s con la presencia del personal del organismo, participantes y p\u00fablico general, donde se entonaron los himnos nacional y regional adem\u00e1s de leer unas palabras en memoria de este luchador y pol\u00edtico, \u201cMaestro de Maestro, \u201ca quien los trabajadores del Inces le deben mucho.<\/span><\/span><\/p>\n","protected":false},"excerpt":{"rendered":"<p>** Las autoridades del Inces Trujillo tributa la memoria del fundador de la instituci\u00f3n, quien el pasado 14 de Marzo arribar\u00eda a 120 a\u00f1os de nacimiento, evento que se llev\u00f3 a cabo en la sede del CFS \u201cAli Primera\u201d en las actividades de reapertura del Lunes C\u00edvico<\/p>\n","protected":false},"author":4,"featured_media":41858,"comment_status":"closed","ping_status":"closed","sticky":false,"template":"","format":"standard","meta":{"footnotes":""},"categories":[2],"tags":[],"class_list":["post-41857","post","type-post","status-publish","format-standard","has-post-thumbnail","hentry","category-blog"],"_links":{"self":[{"href":"https:\/\/inces.gob.ve\/index.php\/wp-json\/wp\/v2\/posts\/41857","targetHints":{"allow":["GET"]}}],"collection":[{"href":"https:\/\/inces.gob.ve\/index.php\/wp-json\/wp\/v2\/posts"}],"about":[{"href":"https:\/\/inces.gob.ve\/index.php\/wp-json\/wp\/v2\/types\/post"}],"author":[{"embeddable":true,"href":"https:\/\/inces.gob.ve\/index.php\/wp-json\/wp\/v2\/users\/4"}],"replies":[{"embeddable":true,"href":"https:\/\/inces.gob.ve\/index.php\/wp-json\/wp\/v2\/comments?post=41857"}],"version-history":[{"count":2,"href":"https:\/\/inces.gob.ve\/index.php\/wp-json\/wp\/v2\/posts\/41857\/revisions"}],"predecessor-version":[{"id":41860,"href":"https:\/\/inces.gob.ve\/index.php\/wp-json\/wp\/v2\/posts\/41857\/revisions\/41860"}],"wp:featuredmedia":[{"embeddable":true,"href":"https:\/\/inces.gob.ve\/index.php\/wp-json\/wp\/v2\/media\/41858"}],"wp:attachment":[{"href":"https:\/\/inces.gob.ve\/index.php\/wp-json\/wp\/v2\/media?parent=41857"}],"wp:term":[{"taxonomy":"category","embeddable":true,"href":"https:\/\/inces.gob.ve\/index.php\/wp-json\/wp\/v2\/categories?post=41857"},{"taxonomy":"post_tag","embeddable":true,"href":"https:\/\/inces.gob.ve\/index.php\/wp-json\/wp\/v2\/tags?post=41857"}],"curies":[{"name":"wp","href":"https:\/\/api.w.org\/{rel}","templated":true}]}}