{"id":41875,"date":"2022-03-22T17:16:11","date_gmt":"2022-03-22T21:16:11","guid":{"rendered":"https:\/\/inces.gob.ve\/?p=41875"},"modified":"2022-03-22T17:21:59","modified_gmt":"2022-03-22T21:21:59","slug":"falcon-inces-atendera-a-la-poblacion-de-taratara-con-acreditacion-y-certificacion-de-saberes","status":"publish","type":"post","link":"https:\/\/inces.gob.ve\/index.php\/2022\/03\/22\/falcon-inces-atendera-a-la-poblacion-de-taratara-con-acreditacion-y-certificacion-de-saberes\/","title":{"rendered":"FALC\u00d3N | Inces atender\u00e1 a la poblaci\u00f3n de Taratara con acreditaci\u00f3n y certificaci\u00f3n de saberes"},"content":{"rendered":"<p lang=\"es-MX\" style=\"text-align: justify;\" align=\"center\"><span style=\"color: #000000; font-size: 14pt;\"><span style=\"font-family: Georgia,serif;\"><i><b>**En esta iniciativa que favorece a mujeres y hombres al hacerles justicia con el reconocimiento de sus conocimientos emp\u00edricos, se logra, de la mano con Barrio Nuevo Barrio Tricolor.<\/b><\/i><\/span><\/span><!--more--><\/p>\n<p lang=\"es-MX\" style=\"text-align: justify;\" align=\"justify\"><span style=\"color: #000000; font-size: 14pt;\"><span style=\"font-family: Georgia,serif;\"><b>MIRIAM GONZ\u00c1LEZ VILLAROEL<\/b><\/span><\/span><\/p>\n<p lang=\"es-MX\" style=\"text-align: justify;\" align=\"justify\"><span style=\"color: #000000; font-size: 14pt;\"><span style=\"font-family: Georgia,serif;\">El Instituto Nacional de Capacitaci\u00f3n y Educaci\u00f3n Socialista (Inces) en vinculaci\u00f3n con la Gran Misi\u00f3n Barrio Nuevo Barrio Tricolor en el estado Falc\u00f3n, llegar\u00e1n a la poblaci\u00f3n de Taratara en el municipio Colina para atender a sus pobladores con jornadas de acreditaci\u00f3n y certificaci\u00f3n de saberes.<\/span><\/span><\/p>\n<p lang=\"es-MX\" style=\"text-align: justify;\" align=\"justify\"><span style=\"color: #000000; font-size: 14pt;\"><span style=\"font-family: Georgia,serif;\">Esta comunidad colinense cuenta con una poblaci\u00f3n de 800 habitantes los cuales ser\u00e1n atendidos progresivamente con jornadas de reconocimiento de saberes<img loading=\"lazy\" decoding=\"async\" class=\"aligncenter wp-image-41877 size-full\" src=\"https:\/\/inces.gob.ve\/wp-content\/uploads\/2022\/03\/acreditacion-y-certificacion-2-.jpg\" alt=\"\" width=\"800\" height=\"463\" srcset=\"https:\/\/inces.gob.ve\/wp-content\/uploads\/2022\/03\/acreditacion-y-certificacion-2-.jpg 800w, https:\/\/inces.gob.ve\/wp-content\/uploads\/2022\/03\/acreditacion-y-certificacion-2--300x174.jpg 300w, https:\/\/inces.gob.ve\/wp-content\/uploads\/2022\/03\/acreditacion-y-certificacion-2--768x444.jpg 768w\" sizes=\"auto, (max-width: 800px) 100vw, 800px\" \/>, gracias, a esta alianza que ha dado muy buenos resultados desde hace varios a\u00f1os.<\/span><\/span><\/p>\n<p lang=\"es-MX\" style=\"text-align: justify;\" align=\"justify\"><span style=\"color: #000000; font-size: 14pt;\"><span style=\"font-family: Georgia,serif;\">En el encuentro que se realiz\u00f3 en la casa del l\u00edder comunitario Silvino Colina, estuvieron presentes, representantes de la Gran Misi\u00f3n Barrio Nuevo Barrio Tricolor, Inces Falc\u00f3n, voceros de los consejos comunales y comunidad en general.<\/span><\/span><\/p>\n<p lang=\"es-MX\" style=\"text-align: justify;\" align=\"justify\"><span style=\"color: #000000; font-size: 14pt;\"><span style=\"font-family: Georgia,serif;\">En esta ocasi\u00f3n, Yared Andrade, jefa del centro de formaci\u00f3n socialista (CFS) \u00abJos\u00e9 Leonardo Chirino\u00bb del Inces, manifest\u00f3, el proceso de certificaci\u00f3n de saberes se desarrollar\u00e1 en diversos oficios que en principio estar\u00e1 dirigido a aproximadamente 40 personas de la comunidad, en las ocupaciones productivas: Cer\u00e1mica Tradicional, Elaboraci\u00f3n de Hamacas y Chinchorros, Dulcer\u00eda Criolla, Corte y Costura, Elaboraci\u00f3n de Comidas T\u00edpicas, Barber\u00eda, Reposter\u00eda, Alba\u00f1iler\u00eda, Pintores y Electricistas, entre otros de inter\u00e9s que atienden al desarrollo econ\u00f3mico de la poblaci\u00f3n.<\/span><\/span><\/p>\n","protected":false},"excerpt":{"rendered":"<p>**En esta iniciativa que favorece a mujeres y hombres al hacerles justicia con el reconocimiento de sus conocimientos emp\u00edricos, se logra, de la mano con Barrio Nuevo Barrio Tricolor.<\/p>\n","protected":false},"author":4,"featured_media":41876,"comment_status":"closed","ping_status":"closed","sticky":false,"template":"","format":"standard","meta":{"footnotes":""},"categories":[2],"tags":[],"class_list":["post-41875","post","type-post","status-publish","format-standard","has-post-thumbnail","hentry","category-blog"],"_links":{"self":[{"href":"https:\/\/inces.gob.ve\/index.php\/wp-json\/wp\/v2\/posts\/41875","targetHints":{"allow":["GET"]}}],"collection":[{"href":"https:\/\/inces.gob.ve\/index.php\/wp-json\/wp\/v2\/posts"}],"about":[{"href":"https:\/\/inces.gob.ve\/index.php\/wp-json\/wp\/v2\/types\/post"}],"author":[{"embeddable":true,"href":"https:\/\/inces.gob.ve\/index.php\/wp-json\/wp\/v2\/users\/4"}],"replies":[{"embeddable":true,"href":"https:\/\/inces.gob.ve\/index.php\/wp-json\/wp\/v2\/comments?post=41875"}],"version-history":[{"count":2,"href":"https:\/\/inces.gob.ve\/index.php\/wp-json\/wp\/v2\/posts\/41875\/revisions"}],"predecessor-version":[{"id":41879,"href":"https:\/\/inces.gob.ve\/index.php\/wp-json\/wp\/v2\/posts\/41875\/revisions\/41879"}],"wp:featuredmedia":[{"embeddable":true,"href":"https:\/\/inces.gob.ve\/index.php\/wp-json\/wp\/v2\/media\/41876"}],"wp:attachment":[{"href":"https:\/\/inces.gob.ve\/index.php\/wp-json\/wp\/v2\/media?parent=41875"}],"wp:term":[{"taxonomy":"category","embeddable":true,"href":"https:\/\/inces.gob.ve\/index.php\/wp-json\/wp\/v2\/categories?post=41875"},{"taxonomy":"post_tag","embeddable":true,"href":"https:\/\/inces.gob.ve\/index.php\/wp-json\/wp\/v2\/tags?post=41875"}],"curies":[{"name":"wp","href":"https:\/\/api.w.org\/{rel}","templated":true}]}}