{"id":41914,"date":"2022-03-24T00:12:23","date_gmt":"2022-03-24T04:12:23","guid":{"rendered":"https:\/\/inces.gob.ve\/?p=41914"},"modified":"2022-03-23T23:15:17","modified_gmt":"2022-03-24T03:15:17","slug":"trujillo-inces-desinfecta-los-espacios-de-sus-centros-de-formacion","status":"publish","type":"post","link":"https:\/\/inces.gob.ve\/index.php\/2022\/03\/24\/trujillo-inces-desinfecta-los-espacios-de-sus-centros-de-formacion\/","title":{"rendered":"TRUJILLO | Inces desinfecta los espacios de sus centros de formaci\u00f3n"},"content":{"rendered":"<p style=\"text-align: justify;\"><em><strong><span style=\"font-size: 14pt;\">** La misma se llev\u00f3 a cabo en una primera instancia en el Centro de Formaci\u00f3n Socialista \u201cAli Primera\u201d, sitio que alberga la mayor\u00eda de las actividades formativas del Inces Trujillo|\u00a0<\/span><\/strong><\/em><!--more--><\/p>\n<p>&nbsp;<\/p>\n<p><strong><span style=\"font-size: 14pt;\">MAR\u00cdA CABRERA<\/span><\/strong><\/p>\n<p style=\"text-align: justify;\"><span style=\"font-size: 14pt;\">Cumpliendo \u00f3rdenes nacionales y ajust\u00e1ndose a las exigencias y la campa\u00f1a contra el coronavirus, Inces regi\u00f3n Trujillo realiz\u00f3 una jornada de desinfecci\u00f3n de espacios internos y de uso frecuente, por parte de los Bomberos del Municipio Valera y Gerencia Regional del n\u00facleo Trujillo.\u00a0<\/span><\/p>\n<p>&nbsp;<\/p>\n<p style=\"text-align: justify;\"><span style=\"font-size: 14pt;\">La misma se llev\u00f3 a cabo en una primera instancia en el Centro de Formaci\u00f3n Socialista \u201cAli Primera\u201d sitio que alberga la mayor\u00eda de las actividades formativas del Inces Trujillo y en el cual la planificaci\u00f3n del funcionamiento de la operatividad del n\u00facleo se lleva a cabo tanto por parte de la Gerencia Regional como de los involucrados en la parte administrativa.\u00a0<\/span><\/p>\n<p>&nbsp;<\/p>\n<p style=\"text-align: justify;\"><span style=\"font-size: 14pt;\">Al lugar y con el profesionalismo acostumbrado, acudieron los Bomberos del Municipio Valera encargados de llevar a cabo el operativo que oblig\u00f3 al recorrido de toda la instalaci\u00f3n del CFS \u201cAli Primera\u201d para el esparcimiento y fumigaci\u00f3n con cloro, especialmente, donde est\u00e1n ubicadas las \u00e1reas de clases y de mayor carga administrativa.\u00a0<\/span><\/p>\n<p>&nbsp;<\/p>\n<p style=\"text-align: justify;\"><span style=\"font-size: 14pt;\">Mary Barrios, jefe de la Divisi\u00f3n de Infraestructura del Inces-Trujillo fue la responsable junto a la Gerencia Regional de desplegar el trabajo para la fecha y hora prevista, no sin antes advertir a los trabajadores y p\u00fablico de la necesidad de alejarse de los espacios mencionados para proceder al operativo rutinario dej\u00e1ndolo a tono para el cumplimiento del cronograma laboral trimestral.\u00a0<\/span><\/p>\n<p style=\"text-align: justify;\">\n","protected":false},"excerpt":{"rendered":"<p>** La misma se llev\u00f3 a cabo en una primera instancia en el Centro de Formaci\u00f3n Socialista \u201cAli Primera\u201d, sitio que alberga la mayor\u00eda de las actividades formativas del Inces Trujillo|\u00a0<\/p>\n","protected":false},"author":4,"featured_media":0,"comment_status":"closed","ping_status":"closed","sticky":false,"template":"","format":"standard","meta":{"footnotes":""},"categories":[2],"tags":[],"class_list":["post-41914","post","type-post","status-publish","format-standard","hentry","category-blog"],"_links":{"self":[{"href":"https:\/\/inces.gob.ve\/index.php\/wp-json\/wp\/v2\/posts\/41914","targetHints":{"allow":["GET"]}}],"collection":[{"href":"https:\/\/inces.gob.ve\/index.php\/wp-json\/wp\/v2\/posts"}],"about":[{"href":"https:\/\/inces.gob.ve\/index.php\/wp-json\/wp\/v2\/types\/post"}],"author":[{"embeddable":true,"href":"https:\/\/inces.gob.ve\/index.php\/wp-json\/wp\/v2\/users\/4"}],"replies":[{"embeddable":true,"href":"https:\/\/inces.gob.ve\/index.php\/wp-json\/wp\/v2\/comments?post=41914"}],"version-history":[{"count":1,"href":"https:\/\/inces.gob.ve\/index.php\/wp-json\/wp\/v2\/posts\/41914\/revisions"}],"predecessor-version":[{"id":41915,"href":"https:\/\/inces.gob.ve\/index.php\/wp-json\/wp\/v2\/posts\/41914\/revisions\/41915"}],"wp:attachment":[{"href":"https:\/\/inces.gob.ve\/index.php\/wp-json\/wp\/v2\/media?parent=41914"}],"wp:term":[{"taxonomy":"category","embeddable":true,"href":"https:\/\/inces.gob.ve\/index.php\/wp-json\/wp\/v2\/categories?post=41914"},{"taxonomy":"post_tag","embeddable":true,"href":"https:\/\/inces.gob.ve\/index.php\/wp-json\/wp\/v2\/tags?post=41914"}],"curies":[{"name":"wp","href":"https:\/\/api.w.org\/{rel}","templated":true}]}}