{"id":41985,"date":"2022-03-29T11:12:03","date_gmt":"2022-03-29T15:12:03","guid":{"rendered":"https:\/\/inces.gob.ve\/?p=41985"},"modified":"2022-03-29T11:20:49","modified_gmt":"2022-03-29T15:20:49","slug":"yaracuy-inces-y-zona-educativa-continuan-jornadas-de-acreditacion-de-saberes","status":"publish","type":"post","link":"https:\/\/inces.gob.ve\/index.php\/2022\/03\/29\/yaracuy-inces-y-zona-educativa-continuan-jornadas-de-acreditacion-de-saberes\/","title":{"rendered":"YARACUY | Inces y Zona Educativa contin\u00faan jornadas de acreditaci\u00f3n de Saberes"},"content":{"rendered":"<p align=\"justify\"><span style=\"font-size: 14pt;\"><span style=\"color: #1c1c1c;\"><span style=\"font-family: Georgia,serif;\">**<i>Personal de varias instituciones educativas participaron en el proceso de acreditaci\u00f3n<\/i><\/span><\/span><!--more--><\/span><\/p>\n<p><span style=\"color: #1c1c1c; font-size: 14pt;\"><span style=\"font-family: Georgia,serif;\"><b>YOLAICE VARGAS<\/b><\/span><\/span><\/p>\n<p align=\"justify\"><span style=\"color: #1c1c1c; font-size: 14pt;\"><span style=\"font-family: Georgia,serif;\">Al menos 58 personas entre personal docente, administrativo, obrero y habitantes de la comunidad La cero, municipio Manuel Monge, participaron en jornada de acreditaci\u00f3n y certificaci\u00f3n de saberes y haceres, realizada de manera conjunta por el Instituto Nacional de Capacitaci\u00f3n y Educaci\u00f3n Socialista (Inces) y Zona Educativa Yaracuy. <\/span><\/span><\/p>\n<p align=\"justify\"><span style=\"color: #1c1c1c; font-size: 14pt;\"><span style=\"font-family: Georgia,serif;\">La actividad tuvo lugar en la ET. Josefa Mar\u00edn Narv\u00e1ez, pero adem\u00e1s particip\u00f3 personal de las instituciones educativas: CE Bel\u00e9n San Juan; CE Tom\u00e1s Jim\u00e9nez; CE Isabel Cristina de Mu\u00f1oz; Liceo Nocturno Manuel Monge; EIB Sim\u00f3n Bol\u00edvar y la el CE Mateo Sarmiento, as\u00ed lo indic\u00f3 el gerente regional del Inces Yaracuy, Dalvi Torrealba. <\/span><\/span><\/p>\n<p align=\"justify\"><span style=\"color: #1c1c1c; font-size: 14pt;\"><span style=\"font-family: Georgia,serif;\">Expres\u00f3 Torrealba que la jornada se desarroll\u00f3 en el transcurso de la ma\u00f1ana y parte de la tarde del mi\u00e9rcoles 16 del mes en curso y se acreditaron en las siguientes \u00e1reas: reposter\u00eda, dulcer\u00eda criolla, costura, panader\u00eda, pasteler\u00eda, recreaci\u00f3n y animaci\u00f3n, manicure y pedicura, inform\u00e1tica y agr\u00edcola.<img loading=\"lazy\" decoding=\"async\" class=\"aligncenter wp-image-41986 size-full\" src=\"https:\/\/inces.gob.ve\/wp-content\/uploads\/2022\/03\/acreditacion-de-Saberes-01--e1648566795128.png\" alt=\"\" width=\"800\" height=\"448\" \/><\/span><\/span><\/p>\n<p align=\"justify\"><span style=\"color: #1c1c1c; font-size: 14pt;\"><span style=\"font-family: Georgia,serif;\">El titular del Inces explic\u00f3 que, en total fueron 85 acreditaciones, debido que algunos participantes tienen conocimiento en m\u00e1s de un \u00e1rea y se realiza la certificaci\u00f3n por programa y no por participante, es decir una persona puede ser acreditada en reposter\u00eda, costura y agr\u00edcola, siempre y cuando los Maestros T\u00e9cnicos Productivos (MTP) Inces, \u00a0eval\u00faen y certifiquen que realmente tienen la experiencia en cada uno. <\/span><\/span><\/p>\n<p align=\"justify\"><span style=\"color: #1c1c1c; font-size: 14pt;\"><span style=\"font-family: Georgia,serif;\">Cabe destacar que durante el mes de marzo se realizar\u00e1 la acreditaci\u00f3n y certificaci\u00f3n de saberes de todo el personal docente, administrativo, obrero, representantes y habitantes de las comunidades adyacentes al punto y circulo de cada unidad educativa de los 14 municipio del estado Yaracuy, quienes posteriormente trabajan como Maestros T\u00e9cnicos Voluntarios (MTV) Inces, para la formaci\u00f3n y acreditaci\u00f3n de los estudiantes del \u00faltimo a\u00f1o de bachillerato.<\/span><\/span><\/p>\n","protected":false},"excerpt":{"rendered":"<p>**Personal de varias instituciones educativas participaron en el proceso de acreditaci\u00f3n<\/p>\n","protected":false},"author":4,"featured_media":41987,"comment_status":"closed","ping_status":"closed","sticky":false,"template":"","format":"standard","meta":{"footnotes":""},"categories":[2],"tags":[],"class_list":["post-41985","post","type-post","status-publish","format-standard","has-post-thumbnail","hentry","category-blog"],"_links":{"self":[{"href":"https:\/\/inces.gob.ve\/index.php\/wp-json\/wp\/v2\/posts\/41985","targetHints":{"allow":["GET"]}}],"collection":[{"href":"https:\/\/inces.gob.ve\/index.php\/wp-json\/wp\/v2\/posts"}],"about":[{"href":"https:\/\/inces.gob.ve\/index.php\/wp-json\/wp\/v2\/types\/post"}],"author":[{"embeddable":true,"href":"https:\/\/inces.gob.ve\/index.php\/wp-json\/wp\/v2\/users\/4"}],"replies":[{"embeddable":true,"href":"https:\/\/inces.gob.ve\/index.php\/wp-json\/wp\/v2\/comments?post=41985"}],"version-history":[{"count":4,"href":"https:\/\/inces.gob.ve\/index.php\/wp-json\/wp\/v2\/posts\/41985\/revisions"}],"predecessor-version":[{"id":41991,"href":"https:\/\/inces.gob.ve\/index.php\/wp-json\/wp\/v2\/posts\/41985\/revisions\/41991"}],"wp:featuredmedia":[{"embeddable":true,"href":"https:\/\/inces.gob.ve\/index.php\/wp-json\/wp\/v2\/media\/41987"}],"wp:attachment":[{"href":"https:\/\/inces.gob.ve\/index.php\/wp-json\/wp\/v2\/media?parent=41985"}],"wp:term":[{"taxonomy":"category","embeddable":true,"href":"https:\/\/inces.gob.ve\/index.php\/wp-json\/wp\/v2\/categories?post=41985"},{"taxonomy":"post_tag","embeddable":true,"href":"https:\/\/inces.gob.ve\/index.php\/wp-json\/wp\/v2\/tags?post=41985"}],"curies":[{"name":"wp","href":"https:\/\/api.w.org\/{rel}","templated":true}]}}