{"id":41992,"date":"2022-03-29T11:23:18","date_gmt":"2022-03-29T15:23:18","guid":{"rendered":"https:\/\/inces.gob.ve\/?p=41992"},"modified":"2022-03-29T13:48:22","modified_gmt":"2022-03-29T17:48:22","slug":"maracay-inces-avanza-en-las-alianzas-interintitucionales-para-formar-y-acreditar-a-los-trabajadores-de-los-bomberos-de-aragua","status":"publish","type":"post","link":"https:\/\/inces.gob.ve\/index.php\/2022\/03\/29\/maracay-inces-avanza-en-las-alianzas-interintitucionales-para-formar-y-acreditar-a-los-trabajadores-de-los-bomberos-de-aragua\/","title":{"rendered":"MARACAY | Inces avanza en las alianzas interintitucionales para formar y acreditar a los trabajadores de los Bomberos de Aragua"},"content":{"rendered":"<p><span style=\"font-size: 14pt;\"><em><span style=\"color: #000000;\"><span style=\"font-family: Georgia,serif;\"><strong>** Fortaleciendo los motores productivos promocionados por el Ejecutivo Nacional se impulsa la formaci\u00f3n y autoformaci\u00f3n integral continua y permanente<\/strong> <\/span><\/span><\/em><!--more--><\/span><\/p>\n<p>&nbsp;<\/p>\n<p><span style=\"color: #000000; font-size: 14pt;\"><span style=\"font-family: Georgia,serif;\"><b>NINOSKA PATRIZ<\/b><\/span><\/span><\/p>\n<p><span style=\"color: #000000; font-size: 14pt;\"><span style=\"font-family: Georgia,serif;\"><br \/>\nDe acuerdo con la coordinadora de Formaci\u00f3n Delegada en Empresas, Rebeca Carpio y siguiendo los lineamientos del presidente Nicol\u00e1s Maduro, se destaca la importancia de la \u00a0vinculaci\u00f3n del Inces con las diferentes entidades de trabajo p\u00fablicas y privadas, pues es de vital importancia para lograr el reimpulso de la econom\u00eda de la Patria.<\/span><\/span><\/p>\n<p><span style=\"font-size: 14pt;\">En este aspecto la Formaci\u00f3n en Entidades de Empresas agradeci\u00f3 al jefe de la Divisi\u00f3n de Educaci\u00f3n del cuerpo de Bomberos, Teniente Coronel Janzen Flores, al Capit\u00e1n Domingo Blanco, al Segundo Comandante Coronel Wuilmer Lucero y a todo su equipo de trabajo, quienes hicieron posible el desarrollo de la actividad, la cual estar\u00e1 siendo dictada por el profesor Francisco Antequera.<\/span><img loading=\"lazy\" decoding=\"async\" class=\"aligncenter wp-image-41995 \" src=\"https:\/\/inces.gob.ve\/wp-content\/uploads\/2022\/03\/acreditar-a-trabajadores-Bomberos-03-.jpeg\" alt=\"\" width=\"821\" height=\"737\" srcset=\"https:\/\/inces.gob.ve\/wp-content\/uploads\/2022\/03\/acreditar-a-trabajadores-Bomberos-03-.jpeg 778w, https:\/\/inces.gob.ve\/wp-content\/uploads\/2022\/03\/acreditar-a-trabajadores-Bomberos-03--300x269.jpeg 300w, https:\/\/inces.gob.ve\/wp-content\/uploads\/2022\/03\/acreditar-a-trabajadores-Bomberos-03--768x689.jpeg 768w\" sizes=\"auto, (max-width: 821px) 100vw, 821px\" \/><span style=\"font-size: 14pt;\">Tambi\u00e9n resalt\u00f3 que la instituci\u00f3n ha venido formando en varias modalidades: presencial, semipresencial y virtual a trabajadores en las entidades de trabajo, bajo la direcci\u00f3n de la jefa de la Unidad Delegada de Formaci\u00f3n de Empresas, Rebeca Carpio.<\/span><br \/>\n<img loading=\"lazy\" decoding=\"async\" class=\"aligncenter wp-image-41993 \" src=\"https:\/\/inces.gob.ve\/wp-content\/uploads\/2022\/03\/acreditar-a-trabajadore-01-.jpeg\" alt=\"\" width=\"807\" height=\"741\" srcset=\"https:\/\/inces.gob.ve\/wp-content\/uploads\/2022\/03\/acreditar-a-trabajadore-01-.jpeg 780w, https:\/\/inces.gob.ve\/wp-content\/uploads\/2022\/03\/acreditar-a-trabajadore-01--300x275.jpeg 300w, https:\/\/inces.gob.ve\/wp-content\/uploads\/2022\/03\/acreditar-a-trabajadore-01--768x705.jpeg 768w\" sizes=\"auto, (max-width: 807px) 100vw, 807px\" \/><span style=\"font-size: 14pt;\">Por su parte los 10 participantes en convenio interinstitucional con el cuerpo de Bomberos de Aragua iniciaron su Formaci\u00f3n de Entidades de Trabajo (FET), la cual consta de 3 niveles. Valga acotar que en su 1er nivel, culminan elaborando su portafolio Did\u00e1ctico que ser\u00e1 usado para formar a otros desde la sala de adiestramiento, seg\u00fan lo indic\u00f3 el profesor Antequera.<\/span><\/p>\n<p><span style=\"font-size: 14pt;\">De la misma manera se cumplir\u00e1 con el proceso de Certificaci\u00f3n de Saberes y m\u00e1s adelante, de ser necesario, tambi\u00e9n Bachillerato Productivo. \u201cLa Unidad de Formaci\u00f3n Delegada, por medio del Plan de formaci\u00f3n, tiene el control y seguimiento de los procesos formativos, como estrategia primordial, dentro de los 16 motores de la naci\u00f3n.<\/span><\/p>\n","protected":false},"excerpt":{"rendered":"<p>** Fortaleciendo los motores productivos promocionados por el Ejecutivo Nacional se impulsa la formaci\u00f3n y autoformaci\u00f3n integral continua y permanente<\/p>\n","protected":false},"author":4,"featured_media":41994,"comment_status":"closed","ping_status":"closed","sticky":false,"template":"","format":"standard","meta":{"footnotes":""},"categories":[2],"tags":[],"class_list":["post-41992","post","type-post","status-publish","format-standard","has-post-thumbnail","hentry","category-blog"],"_links":{"self":[{"href":"https:\/\/inces.gob.ve\/index.php\/wp-json\/wp\/v2\/posts\/41992","targetHints":{"allow":["GET"]}}],"collection":[{"href":"https:\/\/inces.gob.ve\/index.php\/wp-json\/wp\/v2\/posts"}],"about":[{"href":"https:\/\/inces.gob.ve\/index.php\/wp-json\/wp\/v2\/types\/post"}],"author":[{"embeddable":true,"href":"https:\/\/inces.gob.ve\/index.php\/wp-json\/wp\/v2\/users\/4"}],"replies":[{"embeddable":true,"href":"https:\/\/inces.gob.ve\/index.php\/wp-json\/wp\/v2\/comments?post=41992"}],"version-history":[{"count":3,"href":"https:\/\/inces.gob.ve\/index.php\/wp-json\/wp\/v2\/posts\/41992\/revisions"}],"predecessor-version":[{"id":41998,"href":"https:\/\/inces.gob.ve\/index.php\/wp-json\/wp\/v2\/posts\/41992\/revisions\/41998"}],"wp:featuredmedia":[{"embeddable":true,"href":"https:\/\/inces.gob.ve\/index.php\/wp-json\/wp\/v2\/media\/41994"}],"wp:attachment":[{"href":"https:\/\/inces.gob.ve\/index.php\/wp-json\/wp\/v2\/media?parent=41992"}],"wp:term":[{"taxonomy":"category","embeddable":true,"href":"https:\/\/inces.gob.ve\/index.php\/wp-json\/wp\/v2\/categories?post=41992"},{"taxonomy":"post_tag","embeddable":true,"href":"https:\/\/inces.gob.ve\/index.php\/wp-json\/wp\/v2\/tags?post=41992"}],"curies":[{"name":"wp","href":"https:\/\/api.w.org\/{rel}","templated":true}]}}