{"id":42006,"date":"2022-03-29T14:15:15","date_gmt":"2022-03-29T18:15:15","guid":{"rendered":"https:\/\/inces.gob.ve\/?p=42006"},"modified":"2022-03-29T14:26:09","modified_gmt":"2022-03-29T18:26:09","slug":"maracay-el-cfs-inces-textil-entrego-137-certificados","status":"publish","type":"post","link":"https:\/\/inces.gob.ve\/index.php\/2022\/03\/29\/maracay-el-cfs-inces-textil-entrego-137-certificados\/","title":{"rendered":"MARACAY | El CFS Inces Textil\u00a0entreg\u00f3 137 Certificados"},"content":{"rendered":"<p><span style=\"font-size: 14pt;\"><em><strong><span style=\"color: #000000;\"><span style=\"font-family: Georgia,serif;\">** El evento fue todo un \u00e9xito para los participantes del curso de manipulaci\u00f3n de alimentos<\/span><\/span><\/strong><\/em><!--more--><\/span><\/p>\n<p><span style=\"color: #000000; font-size: 14pt;\"><span style=\"font-family: Georgia,serif;\"><b><br \/>\n<\/b><span style=\"font-size: 14pt;\">NINOSKA PATRIZ<\/span><\/span><\/span><\/p>\n<p><span style=\"color: #000000; font-size: 14pt;\"><span style=\"font-family: Georgia,serif;\">La jefa del Centro de Formaci\u00f3n Socialista Textil, Erick Amaro, agradeci\u00f3 a los presentes la constancia de todos y motiv\u00f3 a no desfallecer en el impulso de crecimiento integral que tanto necesita la Patria.<\/span><\/span><\/p>\n<p><span style=\"font-size: 14pt;\">El evento fue realizado a casa llena con mucha alegr\u00eda, siendo tan solo un paso en la realizaci\u00f3n de los sue\u00f1os de estos hombres y mujeres valiosos en materia gastron\u00f3mica para el pa\u00eds.<\/span><img loading=\"lazy\" decoding=\"async\" class=\"aligncenter wp-image-42008 \" src=\"https:\/\/inces.gob.ve\/wp-content\/uploads\/2022\/03\/Inces-Textil-entrego-Certificados-1-.png\" alt=\"\" width=\"726\" height=\"416\" srcset=\"https:\/\/inces.gob.ve\/wp-content\/uploads\/2022\/03\/Inces-Textil-entrego-Certificados-1-.png 600w, https:\/\/inces.gob.ve\/wp-content\/uploads\/2022\/03\/Inces-Textil-entrego-Certificados-1--300x172.png 300w\" sizes=\"auto, (max-width: 726px) 100vw, 726px\" \/><span style=\"font-size: 14pt;\">Estuvieron presentes, Anabel Sanabria, representante de la Secretar\u00eda del movimiento de emprendedores del estado y responsable de la escuela de emprendedores de Aragua, la inspectora Audri Brice\u00f1o, la ingeniera sanitaria Riyanna Echeverr\u00eda, y el director regional de contralor\u00eda sanitaria,\u00a0 Milton Bracamontes.<\/span><\/p>\n<p><span style=\"font-size: 14pt;\">Cada uno de los presentes aport\u00f3 a la actividad una peque\u00f1a muestra de su habilidad culinaria, lo cual nutri\u00f3 la ocasi\u00f3n de variado colorido y sabor.<\/span><\/p>\n<p><span style=\"color: #000000; font-size: 14pt;\"><span style=\"font-family: Georgia,serif;\"><b><img loading=\"lazy\" decoding=\"async\" class=\"aligncenter wp-image-42007 \" src=\"https:\/\/inces.gob.ve\/wp-content\/uploads\/2022\/03\/Inces-Textil-entrego-Certificados.png\" alt=\"\" width=\"744\" height=\"558\" srcset=\"https:\/\/inces.gob.ve\/wp-content\/uploads\/2022\/03\/Inces-Textil-entrego-Certificados.png 600w, https:\/\/inces.gob.ve\/wp-content\/uploads\/2022\/03\/Inces-Textil-entrego-Certificados-300x225.png 300w, https:\/\/inces.gob.ve\/wp-content\/uploads\/2022\/03\/Inces-Textil-entrego-Certificados-136x102.png 136w\" sizes=\"auto, (max-width: 744px) 100vw, 744px\" \/><span style=\"font-size: 14pt;\">El encuentro, fortaleci\u00f3 el m\u00fasculo productivo de la regi\u00f3n y se esperan frutos innovadores, pues tambi\u00e9n ser\u00e1n Maestros T\u00e9cnicos Voluntarios, que formar\u00e1n una nueva generaci\u00f3n productiva para la naci\u00f3n.<\/span><\/b><\/span><\/span><\/p>\n<p><span style=\"font-size: 14pt;\">\u00abAdaptados a los cambios y la velocidad de nuestra \u00e9poca, con responsabilidad y conciencia seguimos indetenibles desde el producir formando y el formar produciendo\u00bb, finaliz\u00f3 la jefa Erick Amaro.<\/span><\/p>\n","protected":false},"excerpt":{"rendered":"<p>** El evento fue todo un \u00e9xito para los participantes del curso de manipulaci\u00f3n de alimentos<\/p>\n","protected":false},"author":4,"featured_media":42009,"comment_status":"closed","ping_status":"closed","sticky":false,"template":"","format":"standard","meta":{"footnotes":""},"categories":[2],"tags":[],"class_list":["post-42006","post","type-post","status-publish","format-standard","has-post-thumbnail","hentry","category-blog"],"_links":{"self":[{"href":"https:\/\/inces.gob.ve\/index.php\/wp-json\/wp\/v2\/posts\/42006","targetHints":{"allow":["GET"]}}],"collection":[{"href":"https:\/\/inces.gob.ve\/index.php\/wp-json\/wp\/v2\/posts"}],"about":[{"href":"https:\/\/inces.gob.ve\/index.php\/wp-json\/wp\/v2\/types\/post"}],"author":[{"embeddable":true,"href":"https:\/\/inces.gob.ve\/index.php\/wp-json\/wp\/v2\/users\/4"}],"replies":[{"embeddable":true,"href":"https:\/\/inces.gob.ve\/index.php\/wp-json\/wp\/v2\/comments?post=42006"}],"version-history":[{"count":4,"href":"https:\/\/inces.gob.ve\/index.php\/wp-json\/wp\/v2\/posts\/42006\/revisions"}],"predecessor-version":[{"id":42013,"href":"https:\/\/inces.gob.ve\/index.php\/wp-json\/wp\/v2\/posts\/42006\/revisions\/42013"}],"wp:featuredmedia":[{"embeddable":true,"href":"https:\/\/inces.gob.ve\/index.php\/wp-json\/wp\/v2\/media\/42009"}],"wp:attachment":[{"href":"https:\/\/inces.gob.ve\/index.php\/wp-json\/wp\/v2\/media?parent=42006"}],"wp:term":[{"taxonomy":"category","embeddable":true,"href":"https:\/\/inces.gob.ve\/index.php\/wp-json\/wp\/v2\/categories?post=42006"},{"taxonomy":"post_tag","embeddable":true,"href":"https:\/\/inces.gob.ve\/index.php\/wp-json\/wp\/v2\/tags?post=42006"}],"curies":[{"name":"wp","href":"https:\/\/api.w.org\/{rel}","templated":true}]}}