{"id":42014,"date":"2022-03-29T14:30:45","date_gmt":"2022-03-29T18:30:45","guid":{"rendered":"https:\/\/inces.gob.ve\/?p=42014"},"modified":"2022-03-29T14:33:46","modified_gmt":"2022-03-29T18:33:46","slug":"amazonas-inces-realizo-certificacion-y-acreditacion-de-saberes-maestros","status":"publish","type":"post","link":"https:\/\/inces.gob.ve\/index.php\/2022\/03\/29\/amazonas-inces-realizo-certificacion-y-acreditacion-de-saberes-maestros\/","title":{"rendered":"AMAZONAS | Inces realiz\u00f3 certificaci\u00f3n y acreditaci\u00f3n de saberes maestros"},"content":{"rendered":"<p align=\"justify\"><span style=\"color: #000000;\"><span style=\"font-family: Georgia, serif;\"><span style=\"font-size: large;\"><i><b>** La actividad se desarroll\u00f3 en el municipio Atures<\/b><\/i><\/span><\/span><\/span><!--more--><\/p>\n<p align=\"justify\"><span style=\"color: #000000; font-size: 14pt;\"><span style=\"font-family: Georgia,serif;\">F\u00c9LIX RUIZ<\/span><\/span><\/p>\n<p align=\"justify\"><span style=\"color: #000000; font-size: 14pt;\"><span style=\"font-family: Georgia,serif;\">Siguiendo lineamientos deL presidente Nicolas Maduro, en aras de dar cumplimiento a una de las siete l\u00edneas estrat\u00e9gicas como lo es atender a las unidades educativas y de esta igual forma responder al llamado de la Bachiller Alejandra Ramirez, presidenta de la Federaci\u00f3n Venezolana de Estudiantes de Educaci\u00f3n Media (FEVEEM), en el Inces Amazonas se llev\u00f3 a cabo la certificaci\u00f3n y acreditaci\u00f3n de saberes de diferentes maestros y maestras del municipio Atures quieres a su vez se formar\u00e1n para posteriormente acreditar a los bachilleres de ese municipio.<img loading=\"lazy\" decoding=\"async\" class=\"aligncenter wp-image-42016 \" src=\"https:\/\/inces.gob.ve\/wp-content\/uploads\/2022\/03\/certificacion-acreditacion-saberes2--1024x768.jpg\" alt=\"\" width=\"751\" height=\"563\" srcset=\"https:\/\/inces.gob.ve\/wp-content\/uploads\/2022\/03\/certificacion-acreditacion-saberes2--1024x768.jpg 1024w, https:\/\/inces.gob.ve\/wp-content\/uploads\/2022\/03\/certificacion-acreditacion-saberes2--300x225.jpg 300w, https:\/\/inces.gob.ve\/wp-content\/uploads\/2022\/03\/certificacion-acreditacion-saberes2--768x576.jpg 768w, https:\/\/inces.gob.ve\/wp-content\/uploads\/2022\/03\/certificacion-acreditacion-saberes2--136x102.jpg 136w, https:\/\/inces.gob.ve\/wp-content\/uploads\/2022\/03\/certificacion-acreditacion-saberes2-.jpg 1280w\" sizes=\"auto, (max-width: 751px) 100vw, 751px\" \/><\/span><\/span><\/p>\n<p align=\"justify\"><span style=\"color: #000000; font-size: 14pt;\"><span style=\"font-family: Georgia,serif;\">Dicho evento cont\u00f3 con la participaci\u00f3n de la Zona Educativa del estado Amazonas y por parte del Inces con la gerente regional, el jefe del departamento de media general y educaci\u00f3n de adultos, maestros t\u00e9cnico productivos y personas Inces. <img loading=\"lazy\" decoding=\"async\" class=\"aligncenter wp-image-42017 \" src=\"https:\/\/inces.gob.ve\/wp-content\/uploads\/2022\/03\/certificacion-acreditacion-saberes-12.jpg\" alt=\"\" width=\"740\" height=\"583\" srcset=\"https:\/\/inces.gob.ve\/wp-content\/uploads\/2022\/03\/certificacion-acreditacion-saberes-12.jpg 500w, https:\/\/inces.gob.ve\/wp-content\/uploads\/2022\/03\/certificacion-acreditacion-saberes-12-300x236.jpg 300w\" sizes=\"auto, (max-width: 740px) 100vw, 740px\" \/><\/span><\/span><\/p>\n<p align=\"justify\"><span style=\"color: #000000; font-size: 14pt;\"><span style=\"font-family: Georgia,serif;\">Fueron certificados un total de 88 educadores en \u00e1reas como; electricidad, inform\u00e1tica, carpinter\u00eda, reposter\u00eda, panader\u00eda, horticultura, textiles, entre otros, la jornada fue realizada en el Inces Monse\u00f1or Segundo Garcias de la ciudad de Puerto Ayacucho.<\/span><\/span><\/p>\n","protected":false},"excerpt":{"rendered":"<p>** La actividad se desarroll\u00f3 en el municipio Atures<\/p>\n","protected":false},"author":4,"featured_media":42015,"comment_status":"closed","ping_status":"closed","sticky":false,"template":"","format":"standard","meta":{"footnotes":""},"categories":[2],"tags":[],"class_list":["post-42014","post","type-post","status-publish","format-standard","has-post-thumbnail","hentry","category-blog"],"_links":{"self":[{"href":"https:\/\/inces.gob.ve\/index.php\/wp-json\/wp\/v2\/posts\/42014","targetHints":{"allow":["GET"]}}],"collection":[{"href":"https:\/\/inces.gob.ve\/index.php\/wp-json\/wp\/v2\/posts"}],"about":[{"href":"https:\/\/inces.gob.ve\/index.php\/wp-json\/wp\/v2\/types\/post"}],"author":[{"embeddable":true,"href":"https:\/\/inces.gob.ve\/index.php\/wp-json\/wp\/v2\/users\/4"}],"replies":[{"embeddable":true,"href":"https:\/\/inces.gob.ve\/index.php\/wp-json\/wp\/v2\/comments?post=42014"}],"version-history":[{"count":2,"href":"https:\/\/inces.gob.ve\/index.php\/wp-json\/wp\/v2\/posts\/42014\/revisions"}],"predecessor-version":[{"id":42019,"href":"https:\/\/inces.gob.ve\/index.php\/wp-json\/wp\/v2\/posts\/42014\/revisions\/42019"}],"wp:featuredmedia":[{"embeddable":true,"href":"https:\/\/inces.gob.ve\/index.php\/wp-json\/wp\/v2\/media\/42015"}],"wp:attachment":[{"href":"https:\/\/inces.gob.ve\/index.php\/wp-json\/wp\/v2\/media?parent=42014"}],"wp:term":[{"taxonomy":"category","embeddable":true,"href":"https:\/\/inces.gob.ve\/index.php\/wp-json\/wp\/v2\/categories?post=42014"},{"taxonomy":"post_tag","embeddable":true,"href":"https:\/\/inces.gob.ve\/index.php\/wp-json\/wp\/v2\/tags?post=42014"}],"curies":[{"name":"wp","href":"https:\/\/api.w.org\/{rel}","templated":true}]}}