{"id":42035,"date":"2022-03-18T15:51:48","date_gmt":"2022-03-18T19:51:48","guid":{"rendered":"https:\/\/inces.gob.ve\/?p=42035"},"modified":"2022-03-29T20:54:12","modified_gmt":"2022-03-30T00:54:12","slug":"inces-y-unesco-suscriben-memorandum-de-entendimiento","status":"publish","type":"post","link":"https:\/\/inces.gob.ve\/index.php\/2022\/03\/18\/inces-y-unesco-suscriben-memorandum-de-entendimiento\/","title":{"rendered":"Inces y Unesco suscriben Memor\u00e1ndum de Entendimiento"},"content":{"rendered":"<div dir=\"auto\">\n<div dir=\"auto\"><em><strong><span style=\"font-size: 14pt;\">** Esta acci\u00f3n forma parte de la pol\u00edtica de internacionalizaci\u00f3n del Inces<\/span><\/strong><\/em><\/div>\n<\/div>\n<p><span style=\"font-size: 14pt;\"><!--more--><\/span><\/p>\n<div dir=\"auto\"><\/div>\n<div dir=\"auto\"><\/div>\n<div dir=\"auto\"><span style=\"font-size: 14pt;\"><strong>LV\/LT<\/strong><\/span><\/p>\n<div dir=\"auto\" style=\"text-align: justify;\"><span style=\"font-size: 14pt;\">El Instituto Nacional de Capacitaci\u00f3n y Educaci\u00f3n Socialista (Inces) firm\u00f3 un Memor\u00e1ndum de Entendimiento con la Organizaci\u00f3n de la Naciones Unidas para la Educaci\u00f3n, la Ciencia y la Cultura (Unesco)- El documento busca potenciar la Educaci\u00f3n y la Formaci\u00f3n T\u00e9cnica Profesional en el Inces, desde una perspectiva productiva, teniendo entre sus sujetos protag\u00f3nicos a la juventud, las mujeres, personas con discapacidad, sexo g\u00e9nero diverso, poblaciones ind\u00edgenas, privados de libertad y otros sectores minoritarios.<\/span><\/div>\n<div dir=\"auto\"><\/div>\n<div dir=\"auto\" style=\"text-align: justify;\"><\/div>\n<div dir=\"auto\" style=\"text-align: justify;\"><span style=\"font-size: 14pt;\">Entre los objetivos espec\u00edficos de este convenio destaca el acompa\u00f1amiento, por parte de la Unesco, en el proceso de transformaci\u00f3n digital del Inces y la elaboraci\u00f3n de una propuesta para convertir\u00a0 la Educaci\u00f3n y Formaci\u00f3n T\u00e9cnica y Profesional en un subsistema de la educaci\u00f3n formal del pa\u00eds.<\/span><\/div>\n<div dir=\"auto\"><\/div>\n<div dir=\"auto\" style=\"text-align: justify;\"><\/div>\n<div dir=\"auto\" style=\"text-align: justify;\"><span style=\"font-size: 14pt;\">As\u00ed mismo, con esta firma se espera crear l\u00edneas de investigaci\u00f3n orientadas a la actualizaci\u00f3n y creaci\u00f3n de contenidos con vocaci\u00f3n productiva, formar una nueva generaci\u00f3n de facilitadores y lograr la articulaci\u00f3n con institutos hom\u00f3logos al Inces en el mundo, a fin de intercambiar experiencias, tecnolog\u00eda y m\u00e1s.<\/span><\/div>\n<div dir=\"auto\"><\/div>\n<div dir=\"auto\" style=\"text-align: justify;\"><\/div>\n<div dir=\"auto\" style=\"text-align: justify;\"><span style=\"font-size: 14pt;\">Esta acci\u00f3n tiene lugar en el contexto de la internacionalizaci\u00f3n del Inces, que busca, mediante el Ministerio del Poder Popular para Relaciones Exteriores, el establecimiento de lazos de cooperaci\u00f3n en el \u00e1rea multilateral con agencias de la Organizaci\u00f3n de las Naciones Unidas, con especial \u00e9nfasis en la Unesco, por medio de la Comisi\u00f3n Venezolana de Cooperaci\u00f3n.<\/span><\/div>\n<div dir=\"auto\"><\/div>\n<div dir=\"auto\" style=\"text-align: justify;\"><\/div>\n<div dir=\"auto\" style=\"text-align: justify;\"><span style=\"font-size: 14pt;\">El documento fue suscrito por el Director de la Oficina de Unesco en Quito y representante para Bolivia, Colombia, Ecuador y Venezuela, Julio Carranza Vald\u00e9s, y por el viceministro de Comunidades Educativas y presidente del Inces, Wuikelman \u00c1ngel Paredes.\u00a0<\/span><\/div>\n<div dir=\"auto\"><\/div>\n<div dir=\"auto\" style=\"text-align: justify;\"><\/div>\n<div dir=\"auto\" style=\"text-align: justify;\"><span style=\"font-size: 14pt;\">Este Memor\u00e1ndum de entendimiento fue suscrito el pasado mes de febrero, en formato digital y se espera que el venidero mes de abril el Director de la Unesco, Oficina de Quito y el presidente del INCES se re\u00fanan de manera presencial, para evaluar las acciones conjuntas.<\/span><\/div>\n<div dir=\"auto\"><\/div>\n<div dir=\"auto\" style=\"text-align: justify;\"><\/div>\n<div dir=\"auto\" style=\"text-align: justify;\"><span style=\"font-size: 14pt;\">La gerente general de Cooperaci\u00f3n Nacional e Internacional del Inces, Luisa Veloz, destac\u00f3 que para la instituci\u00f3n \u201cha sido de fundamental inter\u00e9s el apoyo recibido por la Oficina Regional de Educaci\u00f3n para Am\u00e9rica Latina y el Caribe (Orealc\/Unesco Santiago), con quien se marc\u00f3 el inicio de este relacionamiento orientado al trabajo en conjunto\u201d.<\/span><\/div>\n<\/div>\n<p><span style=\"font-size: 14pt;\"><!--more--><\/span><\/p>\n","protected":false},"excerpt":{"rendered":"<p>** Esta acci\u00f3n forma parte de la pol\u00edtica de internacionalizaci\u00f3n del Inces<\/p>\n","protected":false},"author":4,"featured_media":42036,"comment_status":"closed","ping_status":"closed","sticky":false,"template":"","format":"standard","meta":{"footnotes":""},"categories":[2],"tags":[],"class_list":["post-42035","post","type-post","status-publish","format-standard","has-post-thumbnail","hentry","category-blog"],"_links":{"self":[{"href":"https:\/\/inces.gob.ve\/index.php\/wp-json\/wp\/v2\/posts\/42035","targetHints":{"allow":["GET"]}}],"collection":[{"href":"https:\/\/inces.gob.ve\/index.php\/wp-json\/wp\/v2\/posts"}],"about":[{"href":"https:\/\/inces.gob.ve\/index.php\/wp-json\/wp\/v2\/types\/post"}],"author":[{"embeddable":true,"href":"https:\/\/inces.gob.ve\/index.php\/wp-json\/wp\/v2\/users\/4"}],"replies":[{"embeddable":true,"href":"https:\/\/inces.gob.ve\/index.php\/wp-json\/wp\/v2\/comments?post=42035"}],"version-history":[{"count":1,"href":"https:\/\/inces.gob.ve\/index.php\/wp-json\/wp\/v2\/posts\/42035\/revisions"}],"predecessor-version":[{"id":42037,"href":"https:\/\/inces.gob.ve\/index.php\/wp-json\/wp\/v2\/posts\/42035\/revisions\/42037"}],"wp:featuredmedia":[{"embeddable":true,"href":"https:\/\/inces.gob.ve\/index.php\/wp-json\/wp\/v2\/media\/42036"}],"wp:attachment":[{"href":"https:\/\/inces.gob.ve\/index.php\/wp-json\/wp\/v2\/media?parent=42035"}],"wp:term":[{"taxonomy":"category","embeddable":true,"href":"https:\/\/inces.gob.ve\/index.php\/wp-json\/wp\/v2\/categories?post=42035"},{"taxonomy":"post_tag","embeddable":true,"href":"https:\/\/inces.gob.ve\/index.php\/wp-json\/wp\/v2\/tags?post=42035"}],"curies":[{"name":"wp","href":"https:\/\/api.w.org\/{rel}","templated":true}]}}