{"id":42073,"date":"2022-03-31T00:02:15","date_gmt":"2022-03-31T04:02:15","guid":{"rendered":"https:\/\/inces.gob.ve\/?p=42073"},"modified":"2022-03-31T08:04:33","modified_gmt":"2022-03-31T12:04:33","slug":"inces-militar-la-guaira-se-integra-al-conversatorio-sobre-el-rol-de-la-mujer-dentro-de-la-revolucion-bolivariana","status":"publish","type":"post","link":"https:\/\/inces.gob.ve\/index.php\/2022\/03\/31\/inces-militar-la-guaira-se-integra-al-conversatorio-sobre-el-rol-de-la-mujer-dentro-de-la-revolucion-bolivariana\/","title":{"rendered":"Inces militar La Guaira se integra al conversatorio sobre el rol de la mujer dentro de la revoluci\u00f3n bolivariana"},"content":{"rendered":"<p class=\"western\" style=\"text-align: left;\" align=\"center\"><strong><em><span style=\"font-size: 14pt;\"><span lang=\"es-ES\">** En Venezuela las leyes buscan favorecer a los grupos minoritarios<\/span><\/span><\/em><\/strong><span style=\"font-size: 14pt;\"><span lang=\"es-ES\"><br \/>\n<\/span><\/span><!--more--><\/p>\n<p align=\"center\">\n<p class=\"western\" align=\"justify\">\n<p class=\"western\" align=\"justify\"><strong><span lang=\"es-ES\" style=\"font-size: 14pt;\">EDMUNDO ARIAS CASTRO<\/span><\/strong><\/p>\n<p class=\"western\" align=\"justify\"><span style=\"font-size: 14pt;\"><span lang=\"es-ES\">El INCES Militar la Guaira en el mes internacional de la MUJER, se integr\u00f3 a los trescientos (300) profesionales Militares de todos los componentes y la Milicia Nacional Bolivariana,<\/span> <span lang=\"es-ES\">Acantonados en la Zodi N\u00ba 42 la Guaira, para as\u00ed celebrar <\/span><span lang=\"es-ES\">a<\/span><span lang=\"es-ES\"> nuestras combatientes aguerridas y herederas del legado de Manuelita S\u00e1enz, la libertadora del libertador Sim\u00f3n Bol\u00edvar padre de la Patria grande V<\/span><span lang=\"es-ES\">enezuela<\/span><span lang=\"es-ES\">.<\/span><\/span><\/p>\n<p align=\"justify\">\n<p class=\"western\" align=\"justify\"><span style=\"font-size: 14pt;\"><span lang=\"es-ES\">E<\/span><span lang=\"es-ES\">sto se llev\u00f3 a cabo el mi\u00e9rcoles en el teatro de la Academia Militar de la Armada Bolivariana<\/span><span lang=\"es-ES\">y donde se <\/span><span lang=\"es-ES\">desarroll\u00f3 un <\/span><span lang=\"es-ES\">conversatorio <\/span><span lang=\"es-ES\">sobre el Rol de la Mujer dentro de la Revoluci\u00f3n Bolivariana y <\/span><span lang=\"es-ES\">la <\/span><span lang=\"es-ES\">Reforma de la Ley Org\u00e1nica sobre el Derecho de las Mujeres a una Vida Libre de Violencia, con la ponencia de, la Almirante Noris Negr\u00f3n Rangel, Directora General de Ocamar (Oficina Coordinadora de Apoyo Mar\u00edtimo de la Armada), Dip Gabriela Pe\u00f1a Mart\u00ednez y Dip. Aurora Paredes, de la Asamblea Nacional, ambas miembros del PSUV.<\/span><\/span><\/p>\n<p align=\"justify\">\n<p class=\"western\" align=\"justify\"><span style=\"font-size: 14pt;\"><span lang=\"es-ES\">En el teatro de la Academia Militar de la Armada Bolivariana, se desarroll\u00f3 un conversatorio sobre el Rol de la Mujer dentro de la Revoluci\u00f3n Bolivariana y Reforma de la Ley Org\u00e1nica sobre el Derecho de las Mujeres a una <\/span><span lang=\"es-ES\">v<\/span><span lang=\"es-ES\">ida <\/span><span lang=\"es-ES\">l<\/span><span lang=\"es-ES\">ibre de <\/span><span lang=\"es-ES\">v<\/span><span lang=\"es-ES\">iolenci<\/span><span lang=\"es-ES\">a.<\/span><\/span><\/p>\n<p align=\"justify\">\n<p class=\"western\" align=\"justify\"><span style=\"font-size: 14pt;\"><span lang=\"es-ES\">La actividad fue<\/span><span lang=\"es-ES\"> presidid<\/span><span lang=\"es-ES\">a<\/span><span lang=\"es-ES\"> por el V\/A Teodoro Ram\u00edrez Ospino, Segundo Comandante y Jefe de Estado Mayor de la Armada Bolivariana, y el CA Luis Chac\u00f3n Varela, Director de la Academia Militar de la Armada Bolivariana. <\/span><\/span><\/p>\n<p align=\"justify\">\n<p class=\"western\" align=\"justify\"><span style=\"font-size: 14pt;\"><span lang=\"es-ES\">La Almirante Negr\u00f3n Rangel en su alocuci\u00f3n sostuvo que es a partir de que nuestro Comandante Supremo y Eterno de la Revoluci\u00f3n, Hugo Rafael Ch\u00e1vez Fr\u00edas, <\/span><span lang=\"es-ES\">que<\/span><span lang=\"es-ES\"> se manifest\u00f3 un avance en las mujeres venezolanas, en su prop\u00f3sito de participar en igualdad de condiciones en los espacios institucionales.<\/span><\/span><\/p>\n<p align=\"justify\">\n<p class=\"western\" align=\"justify\"><span lang=\"es-ES\" style=\"font-size: 14pt;\">En este conversatorio, se debati\u00f3 tambi\u00e9n el marco jur\u00eddico, ya que en el a\u00f1o 2021 se realiz\u00f3 la Reforma a la Ley Org\u00e1nica sobre el Derecho de las Mujeres a una Vida Libre de Violencia, la cual incorporo en su texto, nuevas formas de violencia tales como la pol\u00edtica, la inform\u00e1tica y la ginecol\u00f3gica, dicha ley incrementa el cuerpo de sanciones y establece la participaci\u00f3n de las defensoras comunales en los procesos judiciales y extrajudiciales. <\/span><\/p>\n<p class=\"western\" lang=\"es-ES\" align=\"justify\">\n<p class=\"western\" lang=\"es-ES\" align=\"justify\">\n<p class=\"western\" lang=\"es-ES\" align=\"justify\">\n<p class=\"western\" align=\"justify\"><span style=\"font-size: 14pt;\">\u00a0<\/span><\/p>\n<p class=\"western\" lang=\"es-ES\" align=\"justify\">\n<p class=\"western\" align=\"justify\"><a name=\"_GoBack\"><\/a><span style=\"font-size: 14pt;\">\u00a0\u00a0<\/span><\/p>\n<p class=\"western\" lang=\"es-ES\" align=\"justify\">\n<p class=\"western\" lang=\"es-ES\" align=\"justify\">\n<p class=\"western\" lang=\"es-ES\" align=\"justify\">\n<p class=\"western\" align=\"justify\">\n","protected":false},"excerpt":{"rendered":"<p>** En Venezuela las leyes buscan favorecer a los grupos minoritarios<\/p>\n","protected":false},"author":4,"featured_media":0,"comment_status":"closed","ping_status":"closed","sticky":false,"template":"","format":"standard","meta":{"footnotes":""},"categories":[2],"tags":[],"class_list":["post-42073","post","type-post","status-publish","format-standard","hentry","category-blog"],"_links":{"self":[{"href":"https:\/\/inces.gob.ve\/index.php\/wp-json\/wp\/v2\/posts\/42073","targetHints":{"allow":["GET"]}}],"collection":[{"href":"https:\/\/inces.gob.ve\/index.php\/wp-json\/wp\/v2\/posts"}],"about":[{"href":"https:\/\/inces.gob.ve\/index.php\/wp-json\/wp\/v2\/types\/post"}],"author":[{"embeddable":true,"href":"https:\/\/inces.gob.ve\/index.php\/wp-json\/wp\/v2\/users\/4"}],"replies":[{"embeddable":true,"href":"https:\/\/inces.gob.ve\/index.php\/wp-json\/wp\/v2\/comments?post=42073"}],"version-history":[{"count":1,"href":"https:\/\/inces.gob.ve\/index.php\/wp-json\/wp\/v2\/posts\/42073\/revisions"}],"predecessor-version":[{"id":42074,"href":"https:\/\/inces.gob.ve\/index.php\/wp-json\/wp\/v2\/posts\/42073\/revisions\/42074"}],"wp:attachment":[{"href":"https:\/\/inces.gob.ve\/index.php\/wp-json\/wp\/v2\/media?parent=42073"}],"wp:term":[{"taxonomy":"category","embeddable":true,"href":"https:\/\/inces.gob.ve\/index.php\/wp-json\/wp\/v2\/categories?post=42073"},{"taxonomy":"post_tag","embeddable":true,"href":"https:\/\/inces.gob.ve\/index.php\/wp-json\/wp\/v2\/tags?post=42073"}],"curies":[{"name":"wp","href":"https:\/\/api.w.org\/{rel}","templated":true}]}}