{"id":42090,"date":"2022-04-01T07:25:38","date_gmt":"2022-04-01T11:25:38","guid":{"rendered":"https:\/\/inces.gob.ve\/?p=42090"},"modified":"2022-04-01T07:25:38","modified_gmt":"2022-04-01T11:25:38","slug":"aragua-se-realizo-exitoso-encuentro-de-induccion-para-persona-de-talento-humano","status":"publish","type":"post","link":"https:\/\/inces.gob.ve\/index.php\/2022\/04\/01\/aragua-se-realizo-exitoso-encuentro-de-induccion-para-persona-de-talento-humano\/","title":{"rendered":"ARAGUA | Se realiz\u00f3 exitoso encuentro de inducci\u00f3n para persona de Talento Humano"},"content":{"rendered":"<p style=\"text-align: justify;\"><span style=\"font-size: 14pt;\"><i><b>** La asistencia fue completa por parte de los 15 CFS, Unidades, Divisiones y Programas Inces Aragua<\/b><\/i><!--more--><\/span><\/p>\n<p style=\"text-align: justify;\"><span style=\"font-size: 14pt;\"><b><br \/>\nNINOSKA PATRIZ <\/b><\/span><\/p>\n<p><span style=\"font-size: 14pt;\">En concordancia con las l\u00edneas estrat\u00e9gicas de desarrollo integral del Gobierno Nacional y directrices emanadas por el titular del Inces Wuikelman Angel Paredes, el gerente del Inces Aragua, Oliver Medina, atendi\u00f3 un encuentro especial con los diferentes enlaces de Talento Humano de los Centros de Formaci\u00f3n Socialistas CFS, Unidades, Divisiones y Programas, coordinad por la ingeniera Carmen Concepci\u00f3n, para la inducci\u00f3n sobre los lineamientos correspondientes al presente a\u00f1o.<\/span><\/p>\n<p style=\"text-align: justify;\">\n<p><span style=\"font-size: 14pt;\">El prop\u00f3sito de la reuni\u00f3n fue discutir las diversas realidades y asomar un primer avance de Balance de Gesti\u00f3n de los diferentes ambientes, resaltando la importancia del manejo del Sistema de Gesti\u00f3n P\u00fablica SIGEP, para mejorar los procesos administrativos: \u201cEstamos llamados a la combinaci\u00f3n de acciones arm\u00f3nicas, ante circunstancias adversas y debemos preparamos con base para brindar lo mejor de nosotros con \u00e1nimo, responsabilidad y realizando adaptaciones a las necesidades de nuestros tiempos\u201d, dijo Medina.<\/span><\/p>\n<p style=\"text-align: justify;\">\n<p style=\"text-align: justify;\"><span style=\"font-size: 14pt;\">\u201cCada esfuerzo aporta un grano de arena para el despertar de la consciencia, la siembra de valores productivos, el trabajo en equipo y la valoraci\u00f3n de la comuna, pero sobre todo, el sentido de pertenencia, cuido y rescate de nuestras riquezas tanto materiales como talentos humanos\u201c, resalt\u00f3 el gerente.<\/span><\/p>\n<p style=\"text-align: justify;\">\n<p><span style=\"font-size: 14pt;\">De la misma manera, la Ingeniero Concepci\u00f3n, coment\u00f3 estar satisfecha de trabajar de la mano con un personal comprometido y consciente: \u201cLa sociedad se construye desde el hacer, por ello destacamos la importancia del papel que juegan nuestro equipo de trabajo en todas las \u00e1reas disponibles\u201d.<\/span><\/p>\n<p style=\"text-align: justify;\">\n<p><span style=\"font-size: 14pt;\">Durante la jornada, tambi\u00e9n se afianz\u00f3 la importancia del trabajo coordinado de los 432 trabajadores activos y la b\u00fasqueda de mejoras para los empleados. Para finalizar,la autoridad regional agradeci\u00f3 la constancia y esfuerzo del equipo en la b\u00fasqueda de acciones y soluciones, utilizando las herramientas tecnol\u00f3gicas disponibles, con relaci\u00f3n a las necesidades y exigencias de la poblaci\u00f3n trabajadora y productiva de la Patria.<\/span><\/p>\n<p style=\"text-align: justify;\">\n<p style=\"text-align: justify;\">\n<p style=\"text-align: justify;\">\n<p style=\"text-align: justify;\"><span style=\"font-size: 14pt;\"><!--more--><\/span><\/p>\n","protected":false},"excerpt":{"rendered":"<p>** La asistencia fue completa por parte de los 15 CFS, Unidades, Divisiones y Programas Inces Aragua<\/p>\n","protected":false},"author":4,"featured_media":42091,"comment_status":"closed","ping_status":"closed","sticky":false,"template":"","format":"standard","meta":{"footnotes":""},"categories":[2],"tags":[],"class_list":["post-42090","post","type-post","status-publish","format-standard","has-post-thumbnail","hentry","category-blog"],"_links":{"self":[{"href":"https:\/\/inces.gob.ve\/index.php\/wp-json\/wp\/v2\/posts\/42090","targetHints":{"allow":["GET"]}}],"collection":[{"href":"https:\/\/inces.gob.ve\/index.php\/wp-json\/wp\/v2\/posts"}],"about":[{"href":"https:\/\/inces.gob.ve\/index.php\/wp-json\/wp\/v2\/types\/post"}],"author":[{"embeddable":true,"href":"https:\/\/inces.gob.ve\/index.php\/wp-json\/wp\/v2\/users\/4"}],"replies":[{"embeddable":true,"href":"https:\/\/inces.gob.ve\/index.php\/wp-json\/wp\/v2\/comments?post=42090"}],"version-history":[{"count":1,"href":"https:\/\/inces.gob.ve\/index.php\/wp-json\/wp\/v2\/posts\/42090\/revisions"}],"predecessor-version":[{"id":42092,"href":"https:\/\/inces.gob.ve\/index.php\/wp-json\/wp\/v2\/posts\/42090\/revisions\/42092"}],"wp:featuredmedia":[{"embeddable":true,"href":"https:\/\/inces.gob.ve\/index.php\/wp-json\/wp\/v2\/media\/42091"}],"wp:attachment":[{"href":"https:\/\/inces.gob.ve\/index.php\/wp-json\/wp\/v2\/media?parent=42090"}],"wp:term":[{"taxonomy":"category","embeddable":true,"href":"https:\/\/inces.gob.ve\/index.php\/wp-json\/wp\/v2\/categories?post=42090"},{"taxonomy":"post_tag","embeddable":true,"href":"https:\/\/inces.gob.ve\/index.php\/wp-json\/wp\/v2\/tags?post=42090"}],"curies":[{"name":"wp","href":"https:\/\/api.w.org\/{rel}","templated":true}]}}