{"id":42096,"date":"2022-04-01T07:41:38","date_gmt":"2022-04-01T11:41:38","guid":{"rendered":"https:\/\/inces.gob.ve\/?p=42096"},"modified":"2022-04-01T07:42:02","modified_gmt":"2022-04-01T11:42:02","slug":"tachira-el-inces-realizo-una-muestra-productiva-en-la-reinaugiracion-del-liceo-simon-bolivar","status":"publish","type":"post","link":"https:\/\/inces.gob.ve\/index.php\/2022\/04\/01\/tachira-el-inces-realizo-una-muestra-productiva-en-la-reinaugiracion-del-liceo-simon-bolivar\/","title":{"rendered":"T\u00c1CHIRA | El Inces realiz\u00f3 una muestra productiva en la reinaugiraci\u00f3n del liceo Sim\u00f3n Bol\u00edvar"},"content":{"rendered":"<p style=\"text-align: justify;\" align=\"justify\"><span style=\"font-size: 14pt;\"><em><strong>** El Inces dicta a la juventud tachirense formaciones t\u00e9cnicas productivas<\/strong> <\/em><\/span><!--more--><\/p>\n<p style=\"text-align: justify;\" align=\"justify\"><span style=\"font-size: 14pt;\"><strong>ANDREA CABALLERO<\/strong><\/span><\/p>\n<p style=\"text-align: justify;\" align=\"justify\"><span style=\"font-size: 14pt;\">Con el objetivo de dar a conocer las formaciones que se realizan diariamente en el Instituto Nacional de Capacitaci\u00f3n y Educaci\u00f3n Socialista (Inces) T\u00e1chira, la casa formativa estuvo presente en la gran exposici\u00f3n industrial que form\u00f3 parte de la reinauguraci\u00f3n del Liceo Nacional Sim\u00f3n Bol\u00edvar.<\/span><\/p>\n<p align=\"justify\">\n<p style=\"text-align: justify;\" align=\"justify\"><span style=\"font-size: 14pt;\">En compa\u00f1\u00eda de la Zona Educativa del estado T\u00e1chira y la gobernaci\u00f3n de la entidad, el Inces present\u00f3 ocho muestras productivas en las \u00e1reas: textil, industria y econom\u00eda popular, dando a conocer, junto a sus participantes, los diferentes m\u00f3dulos de formaci\u00f3n en los cuales participan durante el proceso de capacitaci\u00f3n.<\/span><\/p>\n<p align=\"justify\">\n<p style=\"text-align: justify;\" align=\"justify\"><span style=\"font-size: 14pt;\">La gerencia regional, a cargo de Geovanni Gonz\u00e1lez, manifest\u00f3 el compromiso que tiene la instituci\u00f3n con la capacitaci\u00f3n de la juventud venezolana, en diversos cursos t\u00e9cnicos productivos. \u201cLa exposici\u00f3n de estas muestras permiten dar a conocer las capacidades de nuestros maestros y la gran cantidad de herramientas pedag\u00f3gicas y t\u00e9cnicas que se implementan para formar a los j\u00f3venes y adultos de la patria\u201d, indic\u00f3 la autoridad regional.<\/span><\/p>\n<p align=\"justify\">\n<p style=\"text-align: justify;\" align=\"justify\"><span style=\"font-size: 14pt;\">Asimismo, durante el proceso de exhibici\u00f3n se llev\u00f3 a cabo la caracterizaci\u00f3n de los estudiantes de quinto a\u00f1o del liceo, el cual cuenta con una matr\u00edcula de 172 bachilleres, quienes se formar\u00e1n pr\u00f3ximamente en el Inces, adquiriendo as\u00ed perfiles productivos y t\u00e9cnicos para su desarrollo profesional.<\/span><\/p>\n<p align=\"justify\">\n<p style=\"text-align: justify;\" align=\"justify\"><span style=\"font-size: 14pt;\"> Para finalizar, Gonz\u00e1lez, invit\u00f3 a la juventud a que \u201ccontin\u00faen sus procesos formativos junto a nuestra instituci\u00f3n, a trav\u00e9s de los distintos programas de aprendizaje que hemos instruido por m\u00e1s de 62 a\u00f1os en todo el territorio nacional\u201d, resalt\u00f3. <\/span><\/p>\n<p style=\"text-align: justify;\" align=\"justify\">\n","protected":false},"excerpt":{"rendered":"<p>** El Inces dicta a la juventud tachirense formaciones t\u00e9cnicas productivas<\/p>\n","protected":false},"author":4,"featured_media":42097,"comment_status":"closed","ping_status":"closed","sticky":false,"template":"","format":"standard","meta":{"footnotes":""},"categories":[2],"tags":[],"class_list":["post-42096","post","type-post","status-publish","format-standard","has-post-thumbnail","hentry","category-blog"],"_links":{"self":[{"href":"https:\/\/inces.gob.ve\/index.php\/wp-json\/wp\/v2\/posts\/42096","targetHints":{"allow":["GET"]}}],"collection":[{"href":"https:\/\/inces.gob.ve\/index.php\/wp-json\/wp\/v2\/posts"}],"about":[{"href":"https:\/\/inces.gob.ve\/index.php\/wp-json\/wp\/v2\/types\/post"}],"author":[{"embeddable":true,"href":"https:\/\/inces.gob.ve\/index.php\/wp-json\/wp\/v2\/users\/4"}],"replies":[{"embeddable":true,"href":"https:\/\/inces.gob.ve\/index.php\/wp-json\/wp\/v2\/comments?post=42096"}],"version-history":[{"count":2,"href":"https:\/\/inces.gob.ve\/index.php\/wp-json\/wp\/v2\/posts\/42096\/revisions"}],"predecessor-version":[{"id":42099,"href":"https:\/\/inces.gob.ve\/index.php\/wp-json\/wp\/v2\/posts\/42096\/revisions\/42099"}],"wp:featuredmedia":[{"embeddable":true,"href":"https:\/\/inces.gob.ve\/index.php\/wp-json\/wp\/v2\/media\/42097"}],"wp:attachment":[{"href":"https:\/\/inces.gob.ve\/index.php\/wp-json\/wp\/v2\/media?parent=42096"}],"wp:term":[{"taxonomy":"category","embeddable":true,"href":"https:\/\/inces.gob.ve\/index.php\/wp-json\/wp\/v2\/categories?post=42096"},{"taxonomy":"post_tag","embeddable":true,"href":"https:\/\/inces.gob.ve\/index.php\/wp-json\/wp\/v2\/tags?post=42096"}],"curies":[{"name":"wp","href":"https:\/\/api.w.org\/{rel}","templated":true}]}}