{"id":42124,"date":"2022-04-02T07:47:44","date_gmt":"2022-04-02T11:47:44","guid":{"rendered":"https:\/\/inces.gob.ve\/?p=42124"},"modified":"2022-04-02T07:47:44","modified_gmt":"2022-04-02T11:47:44","slug":"nueva-esparta-en-marino-se-otorgaron-415-certificaciones-de-saberes-y-haceres","status":"publish","type":"post","link":"https:\/\/inces.gob.ve\/index.php\/2022\/04\/02\/nueva-esparta-en-marino-se-otorgaron-415-certificaciones-de-saberes-y-haceres\/","title":{"rendered":"NUEVA ESPARTA | En Mari\u00f1o se otorgaron 415 certificaciones de saberes y haceres"},"content":{"rendered":"<p style=\"text-align: justify;\" align=\"justify\"><span style=\"font-size: 14pt;\"><em><strong><span style=\"color: #000000;\"><span style=\"font-family: Calibri, serif;\">**En conjunto con la Zona Educativa de Nueva Esparta <\/span><\/span><span style=\"color: #000000;\"><span style=\"font-family: Calibri, serif;\">c<\/span><\/span><span style=\"color: #000000;\"><span style=\"font-family: Calibri, serif;\">ontin<\/span><\/span><span style=\"color: #000000;\"><span style=\"font-family: Calibri, serif;\">\u00fa<\/span><\/span><span style=\"color: #000000;\"><span style=\"font-family: Calibri, serif;\">a el proceso de acreditaci\u00f3n para formar a los bachilleres productivos<\/span><\/span><\/strong><\/em><!--more--><\/span><\/p>\n<p style=\"text-align: justify;\" align=\"justify\">\n<p style=\"text-align: justify;\" align=\"justify\"><strong><span style=\"color: #000000; font-size: 14pt;\"><span style=\"font-family: Calibri, serif;\">ELEITA C\u00c9SPEDES P\u00c9REZ<\/span><\/span><\/strong><\/p>\n<p style=\"text-align: justify;\" align=\"justify\"><span style=\"font-size: 14pt;\"><span style=\"color: #000000;\"><span style=\"font-family: Calibri, serif;\">Un total de 29 instituciones educativas y la Misi\u00f3n Robinson formaron parte de la m\u00e1s numerosa acreditaci<\/span><\/span><span style=\"color: #000000;\"><span style=\"font-family: Calibri, serif;\">\u00f3n<\/span><\/span><span style=\"color: #000000;\"><span style=\"font-family: Calibri, serif;\"> efectuada por el Inces y la Zona Educativa en el estado Nueva Esparta, con el fin de brindar a los estudiantes de educaci\u00f3n media la posibilidad de egresar con una ocupaci\u00f3n productiva, con miras a un trabajo liberador.<\/span><\/span><\/span><\/p>\n<p align=\"justify\">\n<p style=\"text-align: justify;\" align=\"justify\"><span style=\"font-size: 14pt;\"><span style=\"color: #000000;\"><span style=\"font-family: Calibri, serif;\">El escenario de este acto de certificaci\u00f3n de 415 formadores voluntarios Inces, c<\/span><\/span><span style=\"color: #000000;\"><span style=\"font-family: Calibri, serif;\">\u00f3<\/span><\/span><span style=\"color: #000000;\"><span style=\"font-family: Calibri, serif;\">mo lo ser\u00e1n pronto, fue la Unidad Educativa Bachiller Santiago Salazar Ferm\u00edn, en Porlamar, municipio Mari\u00f1o.<\/span><\/span><\/span><\/p>\n<p align=\"justify\">\n<p style=\"text-align: justify;\" align=\"justify\"><span style=\"font-size: 14pt;\"><span style=\"color: #000000;\"><span style=\"font-family: Calibri, serif;\">La jornada donde se acreditaron 141 personas, cont\u00f3 con la participaci\u00f3n de Yojana Sanabria, jefa de la divisi\u00f3n de Educaci\u00f3n Media General y Adultos de la Zona Educativa, ZENE; el destacado \u00a0personal I<\/span><\/span><span style=\"color: #000000;\"><span style=\"font-family: Calibri, serif;\">nces<\/span><\/span><span style=\"color: #000000;\"><span style=\"font-family: Calibri, serif;\"> que ha recorrido con voluntad y entusiasmo la geograf\u00eda insular: maestros t\u00e9cnicos productivos, administrativos, supervisores, jefes de centro, y de apoyo, respaldados por <\/span><\/span><span style=\"color: #000000;\"><span style=\"font-family: Calibri, serif;\">la<\/span><\/span><span style=\"color: #000000;\"><span style=\"font-family: Calibri, serif;\"> jefa de Formaci\u00f3n Profesional, Laurie Zabala <\/span><\/span><span style=\"color: #000000;\"><span style=\"font-family: Calibri, serif;\">y el <\/span><\/span><span style=\"color: #000000;\"><span style=\"font-family: Calibri, serif;\">coordinador municipal en Mari\u00f1o, Jos\u00e9 Zorrilla.<\/span><\/span><\/span><\/p>\n<p align=\"justify\">\n<p style=\"text-align: justify;\" align=\"justify\"><span style=\"font-size: 14pt;\"><span style=\"color: #000000;\"><span style=\"font-family: Calibri, serif;\">Tambi\u00e9n acudieron a la cita <\/span><\/span><span style=\"color: #000000;\"><span style=\"font-family: Calibri, serif;\">por <\/span><\/span><span style=\"color: #000000;\"><span style=\"font-family: Calibri, serif;\">Comunidades Educativas, Francelys Esp\u00edn; las supervisoras Intercircuital Red2 y Circuitales de Mari\u00f1o, <\/span><\/span><span style=\"color: #000000;\"><span style=\"font-family: Calibri, serif;\">d<\/span><\/span><span style=\"color: #000000;\"><span style=\"font-family: Calibri, serif;\">irectores, personal <\/span><\/span><span style=\"color: #000000;\"><span style=\"font-family: Calibri, serif;\">d<\/span><\/span><span style=\"color: #000000;\"><span style=\"font-family: Calibri, serif;\">ocentes, <\/span><\/span><span style=\"color: #000000;\"><span style=\"font-family: Calibri, serif;\">a<\/span><\/span><span style=\"color: #000000;\"><span style=\"font-family: Calibri, serif;\">dministrativo y <\/span><\/span><span style=\"color: #000000;\"><span style=\"font-family: Calibri, serif;\">o<\/span><\/span><span style=\"color: #000000;\"><span style=\"font-family: Calibri, serif;\">brero de todos los planteles que atienden Educaci\u00f3n Media General y Adultos, MBF, FEVEEM y Comunidad Educativa del municipio, as\u00ed como la Misi\u00f3n Robinson.<\/span><\/span><\/span><\/p>\n<p align=\"justify\">\n<p style=\"text-align: justify;\" align=\"justify\"><span style=\"font-size: 14pt;\"><span style=\"color: #000000;\"><span style=\"font-family: Calibri, serif;\">Menci\u00f3n aparte <\/span><\/span><span style=\"color: #000000;\"><span style=\"font-family: Calibri, serif;\">merece<\/span><\/span><span style=\"color: #000000;\"><span style=\"font-family: Calibri, serif;\"> la presentaci\u00f3n cultural cargada de nuestro arraigo, de nuestra m\u00fasica <\/span><\/span><span style=\"color: #000000;\"><span style=\"font-family: Calibri, serif;\">y<\/span><\/span><span style=\"color: #000000;\"><span style=\"font-family: Calibri, serif;\"> de la esencia venezolana.<\/span><\/span><\/span><\/p>\n<p style=\"text-align: justify;\" align=\"justify\">\n<p style=\"text-align: justify;\" align=\"justify\">\n<p style=\"text-align: justify;\" align=\"justify\">\n","protected":false},"excerpt":{"rendered":"<p>**En conjunto con la Zona Educativa de Nueva Esparta contin\u00faa el proceso de acreditaci\u00f3n para formar a los bachilleres productivos<\/p>\n","protected":false},"author":4,"featured_media":42125,"comment_status":"closed","ping_status":"closed","sticky":false,"template":"","format":"standard","meta":{"footnotes":""},"categories":[2],"tags":[],"class_list":["post-42124","post","type-post","status-publish","format-standard","has-post-thumbnail","hentry","category-blog"],"_links":{"self":[{"href":"https:\/\/inces.gob.ve\/index.php\/wp-json\/wp\/v2\/posts\/42124","targetHints":{"allow":["GET"]}}],"collection":[{"href":"https:\/\/inces.gob.ve\/index.php\/wp-json\/wp\/v2\/posts"}],"about":[{"href":"https:\/\/inces.gob.ve\/index.php\/wp-json\/wp\/v2\/types\/post"}],"author":[{"embeddable":true,"href":"https:\/\/inces.gob.ve\/index.php\/wp-json\/wp\/v2\/users\/4"}],"replies":[{"embeddable":true,"href":"https:\/\/inces.gob.ve\/index.php\/wp-json\/wp\/v2\/comments?post=42124"}],"version-history":[{"count":1,"href":"https:\/\/inces.gob.ve\/index.php\/wp-json\/wp\/v2\/posts\/42124\/revisions"}],"predecessor-version":[{"id":42126,"href":"https:\/\/inces.gob.ve\/index.php\/wp-json\/wp\/v2\/posts\/42124\/revisions\/42126"}],"wp:featuredmedia":[{"embeddable":true,"href":"https:\/\/inces.gob.ve\/index.php\/wp-json\/wp\/v2\/media\/42125"}],"wp:attachment":[{"href":"https:\/\/inces.gob.ve\/index.php\/wp-json\/wp\/v2\/media?parent=42124"}],"wp:term":[{"taxonomy":"category","embeddable":true,"href":"https:\/\/inces.gob.ve\/index.php\/wp-json\/wp\/v2\/categories?post=42124"},{"taxonomy":"post_tag","embeddable":true,"href":"https:\/\/inces.gob.ve\/index.php\/wp-json\/wp\/v2\/tags?post=42124"}],"curies":[{"name":"wp","href":"https:\/\/api.w.org\/{rel}","templated":true}]}}