{"id":42131,"date":"2022-04-03T08:48:20","date_gmt":"2022-04-03T12:48:20","guid":{"rendered":"https:\/\/inces.gob.ve\/?p=42131"},"modified":"2022-04-03T08:48:20","modified_gmt":"2022-04-03T12:48:20","slug":"miranda-inces-acredita-los-saberes-del-personal-educativo-en-el-municipio-sucre","status":"publish","type":"post","link":"https:\/\/inces.gob.ve\/index.php\/2022\/04\/03\/miranda-inces-acredita-los-saberes-del-personal-educativo-en-el-municipio-sucre\/","title":{"rendered":"MIRANDA | Inces acredita los saberes del personal educativo en el municipio Sucre"},"content":{"rendered":"<p style=\"text-align: justify;\"><em><strong><span style=\"font-size: 14pt;\">** Se aspira que todo bachiller egrese con el conocimiento y la habilidad que implica una ocupaci\u00f3n productiva<\/span><\/strong><\/em><!--more--><\/p>\n<p style=\"text-align: justify;\">\n<p style=\"text-align: justify;\"><strong><span style=\"font-size: 14pt;\">JEHINFRY AGUIAR<\/span><\/strong><\/p>\n<p style=\"text-align: justify;\"><span style=\"font-size: 14pt;\">El Inces acredit\u00f3 el saber de los docentes en las \u00e1reas: cocina, reposter\u00eda, adornos para el hogar, panader\u00eda, confecci\u00f3n de prendas para bebes, confecci\u00f3n de ropa infantil, manicurista, dulcer\u00eda criolla, carpinter\u00eda y cer\u00e1mica tradicional, todo en la parroquia Filas de Mariche del municipio Sucre.<\/span><\/p>\n<p>&nbsp;<\/p>\n<p style=\"text-align: justify;\"><span style=\"font-size: 14pt;\">\u00abEn articulaci\u00f3n con el Ministerio de Educaci\u00f3n se realiz\u00f3 el proceso de acreditaci\u00f3n con docentes que dictan la materia CRP (Cultura, recreaci\u00f3n y producci\u00f3n), para garantizar la formaci\u00f3n t\u00e9cnica profesional a los futuros bachilleres, vinculado a los motores productivos para el desarrollo de la naci\u00f3n\u00bb, destac\u00f3 el gerente regional Erick Vera.<\/span><\/p>\n<p>&nbsp;<\/p>\n<p style=\"text-align: justify;\"><span style=\"font-size: 14pt;\">\u201cEl proceso es r\u00e1pido y sencillo. Se realiza la captaci\u00f3n de personas en comunidades y se planifica la jornada de evaluaci\u00f3n; luego se conforma el equipo de trabajo que asistir\u00e1 como comit\u00e9 evaluador, en atenci\u00f3n a las especialidades. En la jornada, los sujetos caracterizados participan en una entrevista donde deben demostrar sus conocimientos tanto en la teor\u00eda como en la pr\u00e1ctica, para que finalmente el colectivo evaluador emita el veredicto\u201d, explic\u00f3 Rafael Gallardo.<\/span><\/p>\n<p>&nbsp;<\/p>\n<p style=\"text-align: justify;\"><span style=\"font-size: 14pt;\">Es importante destacar que la acreditaci\u00f3n se realiz\u00f3 a Docentes CRP y al poder popular para la formaci\u00f3n de una ocupaci\u00f3n productiva para los futuros bachilleres de la rep\u00fablica, lineamientos de presidente Nicol\u00e1s Maduro y del viceministro y titular del Inces Wuikelman Angel Paredes.<\/span><\/p>\n<p>&nbsp;<\/p>\n<p style=\"text-align: justify;\"><span style=\"font-size: 14pt;\">Las autoridades presentes fueron gerente regional del Inces, Erick Vera; la Autoridad \u00danica en Educaci\u00f3n del estado Miranda, Rosa Becerra y docentes de las parroquias Dolorita, Caucaguita y Mariche.<\/span><\/p>\n<p>&nbsp;<\/p>\n<p style=\"text-align: justify;\"><span style=\"font-size: 14pt;\">El acto se llev\u00f3 a cabo en la U.E.N.B Hugo Rafael Ch\u00e1vez Fr\u00edas, del urbanismo La Haciendita, de la parroquia Filas de Mariche, municipio Sucre.<\/span><\/p>\n<p style=\"text-align: justify;\" align=\"justify\">\n","protected":false},"excerpt":{"rendered":"<p>** Se aspira que todo bachiller egrese con el conocimiento y la habilidad que implica una ocupaci\u00f3n productiva<\/p>\n","protected":false},"author":4,"featured_media":42132,"comment_status":"closed","ping_status":"closed","sticky":false,"template":"","format":"standard","meta":{"footnotes":""},"categories":[2],"tags":[],"class_list":["post-42131","post","type-post","status-publish","format-standard","has-post-thumbnail","hentry","category-blog"],"_links":{"self":[{"href":"https:\/\/inces.gob.ve\/index.php\/wp-json\/wp\/v2\/posts\/42131","targetHints":{"allow":["GET"]}}],"collection":[{"href":"https:\/\/inces.gob.ve\/index.php\/wp-json\/wp\/v2\/posts"}],"about":[{"href":"https:\/\/inces.gob.ve\/index.php\/wp-json\/wp\/v2\/types\/post"}],"author":[{"embeddable":true,"href":"https:\/\/inces.gob.ve\/index.php\/wp-json\/wp\/v2\/users\/4"}],"replies":[{"embeddable":true,"href":"https:\/\/inces.gob.ve\/index.php\/wp-json\/wp\/v2\/comments?post=42131"}],"version-history":[{"count":1,"href":"https:\/\/inces.gob.ve\/index.php\/wp-json\/wp\/v2\/posts\/42131\/revisions"}],"predecessor-version":[{"id":42133,"href":"https:\/\/inces.gob.ve\/index.php\/wp-json\/wp\/v2\/posts\/42131\/revisions\/42133"}],"wp:featuredmedia":[{"embeddable":true,"href":"https:\/\/inces.gob.ve\/index.php\/wp-json\/wp\/v2\/media\/42132"}],"wp:attachment":[{"href":"https:\/\/inces.gob.ve\/index.php\/wp-json\/wp\/v2\/media?parent=42131"}],"wp:term":[{"taxonomy":"category","embeddable":true,"href":"https:\/\/inces.gob.ve\/index.php\/wp-json\/wp\/v2\/categories?post=42131"},{"taxonomy":"post_tag","embeddable":true,"href":"https:\/\/inces.gob.ve\/index.php\/wp-json\/wp\/v2\/tags?post=42131"}],"curies":[{"name":"wp","href":"https:\/\/api.w.org\/{rel}","templated":true}]}}