{"id":42173,"date":"2022-04-06T15:30:15","date_gmt":"2022-04-06T19:30:15","guid":{"rendered":"https:\/\/inces.gob.ve\/?p=42173"},"modified":"2022-04-06T15:31:48","modified_gmt":"2022-04-06T19:31:48","slug":"inces-militar-inicia-actividades-programaticas-en-monagas","status":"publish","type":"post","link":"https:\/\/inces.gob.ve\/index.php\/2022\/04\/06\/inces-militar-inicia-actividades-programaticas-en-monagas\/","title":{"rendered":"Inces Militar Inicia actividades program\u00e1ticas en Monagas"},"content":{"rendered":"<p align=\"justify\"><span style=\"font-size: 14pt;\"><span style=\"color: #000000;\"><span style=\"font-family: Georgia,serif;\"><i>*<b>* Esta instituci\u00f3n asume la responsabilidad de impartir ense\u00f1anza de calidad y formar t\u00e9cnicamente a las personas, con nuevas tecnolog\u00edas, para ser \u00fatil a la patria<\/b><\/i><\/span><\/span><!--more--><\/span><\/p>\n<h2 class=\"western\" align=\"justify\"><span style=\"color: #000000; font-size: 14pt;\"><span style=\"font-family: Georgia,serif;\"><b>Ra\u00fal<\/b><b> <\/b><b>P\u00e1ez<\/b><\/span><\/span><\/h2>\n<h2 class=\"western\" align=\"justify\"><span style=\"color: #000000; font-size: 14pt;\"><span style=\"font-family: Georgia,serif;\">Con el fin de discutir la Programaci\u00f3n del a\u00f1o 2022, y cumplir con las l\u00edneas estrat\u00e9gicas nacionales, se reunieron el gerente del <strong>Inces Militar Monagas<\/strong>, Mayor, Yimmy Jos\u00e9 Maita Rodr\u00edguez y la jefa de la Secci\u00f3n Acad\u00e9mica, tambi\u00e9n del Inces Militar, Josel\u00edn Mayrelis P\u00e9rez Ortega con la gerente regional de la entidad monaguense, Yanet Fari\u00f1a.<\/span><\/span><\/h2>\n<p align=\"justify\"><span style=\"color: #000000; font-size: 14pt;\"><span style=\"font-family: Georgia,serif;\">La agenda de la reuni\u00f3n incluy\u00f3 temas como la Matriz Program\u00e1tica, las metas establecidas,\u00a0 disponibilidad de promotores t\u00e9cnicos productivos y captaci\u00f3n de posibles maestros dentro de los cuarteles, acci\u00f3n que se lograr\u00eda a trav\u00e9s de acuerdos que se establezcan con los comandantes de las Unidades Militares y el planteamiento de posibles acreditaciones al personal militar que as\u00ed lo requiera.<\/span><\/span><\/p>\n<p align=\"justify\"><span style=\"color: #000000; font-size: 14pt;\"><span style=\"font-family: Georgia,serif;\">Se estableci\u00f3 que aquellos que tengan alg\u00fan conocimiento o habilidades avanzadas y adquiridas de manera emp\u00edrica en un oficio o arte se les dar\u00e1 la oportunidad de obtener su posterior certificaci\u00f3n o acreditaci\u00f3n.\u00a0 <img loading=\"lazy\" decoding=\"async\" class=\"aligncenter wp-image-42175 size-full\" src=\"https:\/\/inces.gob.ve\/wp-content\/uploads\/2022\/04\/actividades-programaticas-en-Monagas-2--scaled-e1649273347954.jpg\" alt=\"\" width=\"800\" height=\"600\" \/><\/span><\/span><\/p>\n<p align=\"justify\"><span style=\"color: #000000; font-size: 14pt;\"><span style=\"font-family: Georgia,serif;\">Tomando en cuenta dichos planteamientos y resultados obtenidos, el gerente de Inces Militar Monagas \u00a0y la jefa de la Secci\u00f3n Acad\u00e9mica se dirigieron a las instalaciones de la 32\u00a0 Brigada de Caribe \u201cG\/J Jos\u00e9 Antonio P\u00e1ez\u201d, donde se reunieron con el General de Brigada Jos\u00e9 Ram\u00f3n Figuera Valdez, comandante de la referida Brigada, con la finalidad de plantearle los diferentes cursos de la programaci\u00f3n asignada al Inces Militar Monagas.<\/span><\/span><\/p>\n<p align=\"justify\"><span style=\"color: #000000; font-size: 14pt;\"><span style=\"font-family: Georgia,serif;\">Los cursos donde hubo mayor inter\u00e9s fueron: Construcci\u00f3n de Semilleros, Manipulaci\u00f3n de Alimentos, Elaboraci\u00f3n de Casabe y Barber\u00eda, toda vez que se tiene planificado el acondicionamiento de espacios productivos en dicha brigada, as\u00ed como la capacitaci\u00f3n y la formaci\u00f3n t\u00e9cnica profesional.\u00a0 <\/span><\/span><\/p>\n<p align=\"justify\"><span style=\"color: #000000; font-size: 14pt;\">\u201c<span style=\"font-family: Georgia,serif;\">Hemos avanzado mucho en las dimensiones educativas, en el ser, conocer y convivir; nos toc\u00f3 el hacer. Tenemos que ir formando y produciendo, pues, la mejor manera de emancipar a la poblaci\u00f3n es alcanzando la soberan\u00eda econ\u00f3mica y cultural, para as\u00ed resolver las necesidades con educaci\u00f3n. Para el a\u00f1o actual tenemos grandes metas establecidas en cuanto al n\u00famero de participantes a capacitar, tomando en cuenta que en cada curso hay diferentes aprendizajes\u201d, se\u00f1al\u00f3 el Mayor Yimmy Jos\u00e9 Maita Rodr\u00edguez.<\/span><\/span><\/p>\n","protected":false},"excerpt":{"rendered":"<p>** Esta instituci\u00f3n asume la responsabilidad de impartir ense\u00f1anza de calidad y formar t\u00e9cnicamente a las personas, con nuevas tecnolog\u00edas, para ser \u00fatil a la patria<\/p>\n","protected":false},"author":4,"featured_media":42174,"comment_status":"closed","ping_status":"closed","sticky":false,"template":"","format":"standard","meta":{"footnotes":""},"categories":[2],"tags":[],"class_list":["post-42173","post","type-post","status-publish","format-standard","has-post-thumbnail","hentry","category-blog"],"_links":{"self":[{"href":"https:\/\/inces.gob.ve\/index.php\/wp-json\/wp\/v2\/posts\/42173","targetHints":{"allow":["GET"]}}],"collection":[{"href":"https:\/\/inces.gob.ve\/index.php\/wp-json\/wp\/v2\/posts"}],"about":[{"href":"https:\/\/inces.gob.ve\/index.php\/wp-json\/wp\/v2\/types\/post"}],"author":[{"embeddable":true,"href":"https:\/\/inces.gob.ve\/index.php\/wp-json\/wp\/v2\/users\/4"}],"replies":[{"embeddable":true,"href":"https:\/\/inces.gob.ve\/index.php\/wp-json\/wp\/v2\/comments?post=42173"}],"version-history":[{"count":2,"href":"https:\/\/inces.gob.ve\/index.php\/wp-json\/wp\/v2\/posts\/42173\/revisions"}],"predecessor-version":[{"id":42177,"href":"https:\/\/inces.gob.ve\/index.php\/wp-json\/wp\/v2\/posts\/42173\/revisions\/42177"}],"wp:featuredmedia":[{"embeddable":true,"href":"https:\/\/inces.gob.ve\/index.php\/wp-json\/wp\/v2\/media\/42174"}],"wp:attachment":[{"href":"https:\/\/inces.gob.ve\/index.php\/wp-json\/wp\/v2\/media?parent=42173"}],"wp:term":[{"taxonomy":"category","embeddable":true,"href":"https:\/\/inces.gob.ve\/index.php\/wp-json\/wp\/v2\/categories?post=42173"},{"taxonomy":"post_tag","embeddable":true,"href":"https:\/\/inces.gob.ve\/index.php\/wp-json\/wp\/v2\/tags?post=42173"}],"curies":[{"name":"wp","href":"https:\/\/api.w.org\/{rel}","templated":true}]}}