{"id":42184,"date":"2022-04-23T14:08:00","date_gmt":"2022-04-23T18:08:00","guid":{"rendered":"https:\/\/inces.gob.ve\/?p=42184"},"modified":"2022-04-23T14:08:00","modified_gmt":"2022-04-23T18:08:00","slug":"trujillo-ince-y-corpoelec-fortalecen-convenio-de-cooperacion-academica","status":"publish","type":"post","link":"https:\/\/inces.gob.ve\/index.php\/2022\/04\/23\/trujillo-ince-y-corpoelec-fortalecen-convenio-de-cooperacion-academica\/","title":{"rendered":"TRUJILLO | Ince y Corpoelec fortalecen convenio de cooperaci\u00f3n acad\u00e9mica\u00a0"},"content":{"rendered":"<p style=\"font-weight: 400; text-align: justify;\"><span style=\"font-size: 14pt;\"><strong><em>** El factor socioecon\u00f3mico se toma en cuenta para cualquier\u00a0acuerdo interinstitucional<\/em><\/strong><\/span><!--more--><\/p>\n<p style=\"font-weight: 400; text-align: justify;\"><span style=\"font-size: 14pt;\">Entre el Inces y Corpoelec, se llev\u00f3 a cabo una mesa de trabajo donde particip\u00f3 el responsable de los enlaces\u00a0de los procesos formativos de\u00a0la compa\u00f1\u00eda de electricidad,\u00a0Richard Flores, con el objetivo de fortalecer el\u00a0convenio de\u00a0cooperaci\u00f3n\u00a0acad\u00e9mica y\u00a0socioproductiva suscrito entre ambas instituciones.<\/span><\/p>\n<p style=\"font-weight: 400; text-align: justify;\">\n<p style=\"font-weight: 400; text-align: justify;\"><span style=\"font-size: 14pt;\">A fin de\u00a0reconocer, valorar\u00a0y legitimar los\u00a0saberes emp\u00edricos de los trabajadores de Corpoelec y como resultado de la jornada de trabajo,\u00a0se acord\u00f3\u00a0llevar a efecto el proceso de acreditaci\u00f3n que permite\u00a0otorgar las\u00a0certificaciones\u00a0que avalan el conocimiento de las personas; destacando que se trata de un proceso\u00a0con un\u00a0alto nivel de exigencia y rigurosidad.<\/span><\/p>\n<p style=\"font-weight: 400; text-align: justify;\">\n<span style=\"font-size: 14pt;\">Tambi\u00e9n, se acord\u00f3 apoyar el proceso formativo a trav\u00e9s de la Unidad Educativa Inces a fin de que los trabajadores que lo ameritan culminen sus estudios de bachillerato.<\/span><\/p>\n","protected":false},"excerpt":{"rendered":"<p>** El factor socioecon\u00f3mico se toma en cuenta para cualquier\u00a0acuerdo interinstitucional<\/p>\n","protected":false},"author":4,"featured_media":42185,"comment_status":"closed","ping_status":"closed","sticky":false,"template":"","format":"standard","meta":{"footnotes":""},"categories":[2],"tags":[],"class_list":["post-42184","post","type-post","status-publish","format-standard","has-post-thumbnail","hentry","category-blog"],"_links":{"self":[{"href":"https:\/\/inces.gob.ve\/index.php\/wp-json\/wp\/v2\/posts\/42184","targetHints":{"allow":["GET"]}}],"collection":[{"href":"https:\/\/inces.gob.ve\/index.php\/wp-json\/wp\/v2\/posts"}],"about":[{"href":"https:\/\/inces.gob.ve\/index.php\/wp-json\/wp\/v2\/types\/post"}],"author":[{"embeddable":true,"href":"https:\/\/inces.gob.ve\/index.php\/wp-json\/wp\/v2\/users\/4"}],"replies":[{"embeddable":true,"href":"https:\/\/inces.gob.ve\/index.php\/wp-json\/wp\/v2\/comments?post=42184"}],"version-history":[{"count":1,"href":"https:\/\/inces.gob.ve\/index.php\/wp-json\/wp\/v2\/posts\/42184\/revisions"}],"predecessor-version":[{"id":42186,"href":"https:\/\/inces.gob.ve\/index.php\/wp-json\/wp\/v2\/posts\/42184\/revisions\/42186"}],"wp:featuredmedia":[{"embeddable":true,"href":"https:\/\/inces.gob.ve\/index.php\/wp-json\/wp\/v2\/media\/42185"}],"wp:attachment":[{"href":"https:\/\/inces.gob.ve\/index.php\/wp-json\/wp\/v2\/media?parent=42184"}],"wp:term":[{"taxonomy":"category","embeddable":true,"href":"https:\/\/inces.gob.ve\/index.php\/wp-json\/wp\/v2\/categories?post=42184"},{"taxonomy":"post_tag","embeddable":true,"href":"https:\/\/inces.gob.ve\/index.php\/wp-json\/wp\/v2\/tags?post=42184"}],"curies":[{"name":"wp","href":"https:\/\/api.w.org\/{rel}","templated":true}]}}