{"id":42187,"date":"2022-04-23T14:13:13","date_gmt":"2022-04-23T18:13:13","guid":{"rendered":"https:\/\/inces.gob.ve\/?p=42187"},"modified":"2022-04-23T14:13:13","modified_gmt":"2022-04-23T18:13:13","slug":"merida-inces-continua-proceso-de-formacion-dirigido-a-guias-de-montana","status":"publish","type":"post","link":"https:\/\/inces.gob.ve\/index.php\/2022\/04\/23\/merida-inces-continua-proceso-de-formacion-dirigido-a-guias-de-montana\/","title":{"rendered":"M\u00c9RIDA | Inces contin\u00faa proceso de formaci\u00f3n dirigido a gu\u00edas de monta\u00f1a"},"content":{"rendered":"<p style=\"font-weight: 400; text-align: justify;\"><strong><span style=\"font-size: 14pt;\"><em>*** En esta oportunidad, la nivelaci\u00f3n para los gu\u00edas comprende pr\u00e1ctica y teor\u00eda sobre el manejo de cuerda, curso contemplado dentro del plan de formaci\u00f3n<\/em><\/span><\/strong><!--more--><\/p>\n<p style=\"font-weight: 400; text-align: justify;\"><span style=\"font-size: 14pt;\"><em>\u00a0<\/em><\/span><\/p>\n<p style=\"font-weight: 400; text-align: justify;\"><span style=\"font-size: 14pt;\"><strong>NADIA LOBO<\/strong><\/span><\/p>\n<p style=\"font-weight: 400; text-align: justify;\"><span style=\"font-size: 14pt;\">El gerente regional del Inces M\u00e9rida, Geldrit Roca, anunci\u00f3 que contin\u00faa el proceso de nivelaci\u00f3n y formaci\u00f3n de gu\u00edas de aventura y naturaleza en baja, media y alta monta\u00f1a, que permite dar cumplimiento al proceso de acreditaci\u00f3n y certificaci\u00f3n de este importante sector del turismo meride\u00f1o.<\/span><\/p>\n<p style=\"font-weight: 400; text-align: justify;\">\n<p style=\"font-weight: 400; text-align: justify;\"><span style=\"font-size: 14pt;\">Indic\u00f3 que en esta oportunidad el Programa Turismo atendi\u00f3 a 30 gu\u00edas con la formaci\u00f3n y capacitaci\u00f3n de la Unidad Curricular Manejo de Cuerdas,\u00a0 tanto en la parte te\u00f3rica como en la pr\u00e1ctica, que se viene desarrollando en las instalaciones del centro de formaci\u00f3n socialista (CFS) Eli\u00e9zer Otaiza y en el parque La Isla, ambos en la ciudad de M\u00e9rida.<\/span><\/p>\n<p style=\"font-weight: 400; text-align: justify;\">\u00a0\u00a0\u00a0<img loading=\"lazy\" decoding=\"async\" class=\"aligncenter wp-image-42191\" src=\"https:\/\/inces.gob.ve\/wp-content\/uploads\/2022\/04\/Guiasd-emontan\u0303a-7.jpg\" alt=\"\" width=\"648\" height=\"485\" srcset=\"https:\/\/inces.gob.ve\/wp-content\/uploads\/2022\/04\/Guiasd-emontan\u0303a-7.jpg 1008w, https:\/\/inces.gob.ve\/wp-content\/uploads\/2022\/04\/Guiasd-emontan\u0303a-7-300x224.jpg 300w, https:\/\/inces.gob.ve\/wp-content\/uploads\/2022\/04\/Guiasd-emontan\u0303a-7-768x574.jpg 768w, https:\/\/inces.gob.ve\/wp-content\/uploads\/2022\/04\/Guiasd-emontan\u0303a-7-136x102.jpg 136w\" sizes=\"auto, (max-width: 648px) 100vw, 648px\" \/><\/p>\n<p>&nbsp;<\/p>\n<p style=\"font-weight: 400; text-align: justify;\"><span style=\"font-size: 14pt;\">Roca explic\u00f3: \u201cEste grupo corresponde al tercer proceso formativo de gu\u00edas de baja, media y alta monta\u00f1a, que deben cumplir con el proceso de nivelaci\u00f3n y desarrollo colectivo, antes de su acreditaci\u00f3n, seg\u00fan el cronograma dise\u00f1ado por la Unidad de Tecnolog\u00eda Educativa del Inces-M\u00e9rida\u201d.<\/span><\/p>\n<p style=\"font-weight: 400; text-align: justify;\">\n<p style=\"font-weight: 400; text-align: justify;\"><span style=\"font-size: 14pt;\">Por su parte, Yusmali Parra, Coordinadora del Programa Turismo del Inces-M\u00e9rida, destac\u00f3 la participaci\u00f3n del maestro y gu\u00eda de alta monta\u00f1a Gilberth D\u00edaz, quien con su experiencia y profesionalismo, pudo prestar el acompa\u00f1amiento para atender a 30 gu\u00edas de monta\u00f1a aspirantes a la acreditaci\u00f3n y certificaci\u00f3n,<\/span><\/p>\n<p style=\"font-weight: 400; text-align: justify;\"><img loading=\"lazy\" decoding=\"async\" class=\"aligncenter wp-image-42190 size-large\" src=\"https:\/\/inces.gob.ve\/wp-content\/uploads\/2022\/04\/Guias-de-montan\u0303a-4-1024x682.jpg\" alt=\"\" width=\"640\" height=\"426\" srcset=\"https:\/\/inces.gob.ve\/wp-content\/uploads\/2022\/04\/Guias-de-montan\u0303a-4-1024x682.jpg 1024w, https:\/\/inces.gob.ve\/wp-content\/uploads\/2022\/04\/Guias-de-montan\u0303a-4-300x200.jpg 300w, https:\/\/inces.gob.ve\/wp-content\/uploads\/2022\/04\/Guias-de-montan\u0303a-4-768x511.jpg 768w, https:\/\/inces.gob.ve\/wp-content\/uploads\/2022\/04\/Guias-de-montan\u0303a-4-272x182.jpg 272w, https:\/\/inces.gob.ve\/wp-content\/uploads\/2022\/04\/Guias-de-montan\u0303a-4.jpg 1080w\" sizes=\"auto, (max-width: 640px) 100vw, 640px\" \/><\/p>\n<p style=\"font-weight: 400; text-align: justify;\"><span style=\"font-size: 14pt;\">\u201cPara la formaci\u00f3n tanto te\u00f3rica como pr\u00e1ctica los participantes se dividieron en dos grupos de gu\u00edas, lo que permite un mejor acompa\u00f1amiento en el curso correspondiente a turismo, que busca, entre otras cosas, que los monta\u00f1istas puedan refrescar y actualizar conocimientos y nuevas herramientas relacionadas con su profesi\u00f3n\u201d, indic\u00f3 Parra.<\/span><\/p>\n<p style=\"font-weight: 400; text-align: justify;\">\n<p style=\"font-weight: 400; text-align: justify;\"><span style=\"font-size: 14pt;\">En esta tercera cohorte de formaci\u00f3n de gu\u00edas de monta\u00f1a, se atienden a participantes procedentes de los municipios: Libertador, Santos Marquina, Sucre y Campo El\u00edas de la entidad andina.<\/span><\/p>\n","protected":false},"excerpt":{"rendered":"<p>*** En esta oportunidad, la nivelaci\u00f3n para los gu\u00edas comprende pr\u00e1ctica y teor\u00eda sobre el manejo de cuerda, curso contemplado dentro del plan de formaci\u00f3n<\/p>\n","protected":false},"author":4,"featured_media":42188,"comment_status":"closed","ping_status":"closed","sticky":false,"template":"","format":"standard","meta":{"footnotes":""},"categories":[2],"tags":[],"class_list":["post-42187","post","type-post","status-publish","format-standard","has-post-thumbnail","hentry","category-blog"],"_links":{"self":[{"href":"https:\/\/inces.gob.ve\/index.php\/wp-json\/wp\/v2\/posts\/42187","targetHints":{"allow":["GET"]}}],"collection":[{"href":"https:\/\/inces.gob.ve\/index.php\/wp-json\/wp\/v2\/posts"}],"about":[{"href":"https:\/\/inces.gob.ve\/index.php\/wp-json\/wp\/v2\/types\/post"}],"author":[{"embeddable":true,"href":"https:\/\/inces.gob.ve\/index.php\/wp-json\/wp\/v2\/users\/4"}],"replies":[{"embeddable":true,"href":"https:\/\/inces.gob.ve\/index.php\/wp-json\/wp\/v2\/comments?post=42187"}],"version-history":[{"count":1,"href":"https:\/\/inces.gob.ve\/index.php\/wp-json\/wp\/v2\/posts\/42187\/revisions"}],"predecessor-version":[{"id":42192,"href":"https:\/\/inces.gob.ve\/index.php\/wp-json\/wp\/v2\/posts\/42187\/revisions\/42192"}],"wp:featuredmedia":[{"embeddable":true,"href":"https:\/\/inces.gob.ve\/index.php\/wp-json\/wp\/v2\/media\/42188"}],"wp:attachment":[{"href":"https:\/\/inces.gob.ve\/index.php\/wp-json\/wp\/v2\/media?parent=42187"}],"wp:term":[{"taxonomy":"category","embeddable":true,"href":"https:\/\/inces.gob.ve\/index.php\/wp-json\/wp\/v2\/categories?post=42187"},{"taxonomy":"post_tag","embeddable":true,"href":"https:\/\/inces.gob.ve\/index.php\/wp-json\/wp\/v2\/tags?post=42187"}],"curies":[{"name":"wp","href":"https:\/\/api.w.org\/{rel}","templated":true}]}}